{"id":5392,"date":"2023-08-30T01:53:59","date_gmt":"2023-08-30T01:53:59","guid":{"rendered":"http:\/\/lavereda.com.mx\/?p=5392"},"modified":"2023-08-30T01:54:00","modified_gmt":"2023-08-30T01:54:00","slug":"presentan-exposicion-fotografica-de-la-historia-de-torreon","status":"publish","type":"post","link":"https:\/\/lavereda.com.mx\/index.php\/2023\/08\/30\/presentan-exposicion-fotografica-de-la-historia-de-torreon\/","title":{"rendered":"Presentan exposici\u00f3n fotogr\u00e1fica de la historia de Torre\u00f3n"},"content":{"rendered":"\n<p>El Archivo Municipal de Torre\u00f3n prepara la inauguraci\u00f3n de la exposici\u00f3n fotogr\u00e1fica retrospectiva \u201cTorre\u00f3n, de lo cotidiano a lo ic\u00f3nico\u201d: pasado, memoria e identidad en&nbsp;la mirada de Beatriz&nbsp;Gonz\u00e1lez Navarro de Montemayor y Hartford. H. Miller, la cual ser\u00e1 inaugurada el pr\u00f3ximo jueves 31 de agosto en el atrio principal de la Plaza Cuatro Caminos.<\/p>\n\n\n\n<p>Cinthia Gaspar Montero, directora del Archivo Municipal, dijo que el evento es programado a trav\u00e9s de la direcci\u00f3n a su cargo y el Instituto Municipal de Cultura y Educaci\u00f3n, en coordinaci\u00f3n con Plaza Cuatro Caminos. indic\u00f3 que la ceremonia de inauguraci\u00f3n ser\u00e1 a las 19:00 horas.<\/p>\n\n\n\n<p>\u201cConocer la historia nos permite situar los acontecimientos y circunstancias para explicar nuestra propia realidad y proyectarla hacia el futuro\u201d, expres\u00f3.<\/p>\n\n\n\n<p>Patricia Gonz\u00e1lez Santiago, coordinadora de Artes Visuales del Instituto Municipal de Cultura y Educaci\u00f3n, y curadora de la muestra, se\u00f1al\u00f3 que en la selecci\u00f3n de im\u00e1genes que se expondr\u00e1n, se reconocen aspectos como lo familiar, la conformaci\u00f3n del paisaje urbano, las transformaciones sociales y pol\u00edticas, as\u00ed como la presencia de la mujer en diferentes entornos y actividades.<\/p>\n\n\n\n<p>\u201cLa colecci\u00f3n Miller es c\u00e9lebre a nivel nacional e internacional por el registro de la Revoluci\u00f3n Mexicana desde un primer plano que se advierte fresco, un rasgo que se entiende en funci\u00f3n del objetivo original del fot\u00f3grafo, que era el registro de procesos industriales, y es sorprendido por el desenfrenado conflicto armado que cambi\u00f3 el rostro de M\u00e9xico para siempre\u201d, mencion\u00f3.<\/p>\n\n\n\n<p>Agreg\u00f3 que la colecci\u00f3n personal resguardada por Beatriz Gonz\u00e1lez Navarro de Montemayor, se enfoca en lo anecd\u00f3tico de la \u00e9poca. Cabe destacar que Beatriz Gonz\u00e1lez fue la segunda mujer piloto a nivel nacional, promotora y gestora cultural, nacida en Torre\u00f3n. Es recordada por ser la primera directora del Museo Regional de La Laguna, del Centro Cultural \u201cPablo C. Moreno\u201d y del Archivo Municipal en el Municipio.<\/p>\n\n\n\n<p>Hartford H. Miller, fue un empresario y fot\u00f3grafo norteamericano radicado en Torre\u00f3n durante las tres primeras d\u00e9cadas del siglo XX. Su acervo fotogr\u00e1fico es un referente hist\u00f3rico para entender la g\u00e9nesis de nuestra ciudad: desde el surgimiento de empresas, corridas de toros, festejos sociales y por supuesto, los complicados episodios de la Revoluci\u00f3n Mexicana.<\/p>\n\n\n\n<p>\u201cNuestra ciudad contin\u00faa su desarrollo y progreso a la par que enfrenta distintos retos de inter\u00e9s global como el bienestar ecol\u00f3gico, las migraciones, la equidad y la inclusi\u00f3n universal, las nuevas tecnolog\u00edas; agendas prioritarias que ahora son registrados por las nuevas generaciones que definir\u00e1n la futura imagen de Torre\u00f3n\u201d, concluy\u00f3 Patricia Gonz\u00e1lez Santiago.<\/p>\n\n\n\n<p>La exposici\u00f3n tendr\u00e1 vigencia hasta el 15 de septiembre.<\/p>\n","protected":false},"excerpt":{"rendered":"<p>El Archivo Municipal de Torre\u00f3n prepara la inauguraci\u00f3n de la exposici\u00f3n fotogr\u00e1fica retrospectiva \u201cTorre\u00f3n, de lo cotidiano a lo ic\u00f3nico\u201d: pasado, memoria e identidad en&nbsp;la mirada de Beatriz&nbsp;Gonz\u00e1lez Navarro de &hellip; <a href=\"https:\/\/lavereda.com.mx\/index.php\/2023\/08\/30\/presentan-exposicion-fotografica-de-la-historia-de-torreon\/\" class=\"more-link\">Leer m\u00e1s<\/a><\/p>\n","protected":false},"author":9,"featured_media":5393,"comment_status":"open","ping_status":"open","sticky":false,"template":"","format":"standard","meta":{"footnotes":""},"categories":[3,18],"tags":[],"class_list":["post-5392","post","type-post","status-publish","format-standard","has-post-thumbnail","hentry","category-artes-visuales","category-lomasrelevante","entry"],"_links":{"self":[{"href":"https:\/\/lavereda.com.mx\/index.php\/wp-json\/wp\/v2\/posts\/5392","targetHints":{"allow":["GET"]}}],"collection":[{"href":"https:\/\/lavereda.com.mx\/index.php\/wp-json\/wp\/v2\/posts"}],"about":[{"href":"https:\/\/lavereda.com.mx\/index.php\/wp-json\/wp\/v2\/types\/post"}],"author":[{"embeddable":true,"href":"https:\/\/lavereda.com.mx\/index.php\/wp-json\/wp\/v2\/users\/9"}],"replies":[{"embeddable":true,"href":"https:\/\/lavereda.com.mx\/index.php\/wp-json\/wp\/v2\/comments?post=5392"}],"version-history":[{"count":1,"href":"https:\/\/lavereda.com.mx\/index.php\/wp-json\/wp\/v2\/posts\/5392\/revisions"}],"predecessor-version":[{"id":5394,"href":"https:\/\/lavereda.com.mx\/index.php\/wp-json\/wp\/v2\/posts\/5392\/revisions\/5394"}],"wp:featuredmedia":[{"embeddable":true,"href":"https:\/\/lavereda.com.mx\/index.php\/wp-json\/wp\/v2\/media\/5393"}],"wp:attachment":[{"href":"https:\/\/lavereda.com.mx\/index.php\/wp-json\/wp\/v2\/media?parent=5392"}],"wp:term":[{"taxonomy":"category","embeddable":true,"href":"https:\/\/lavereda.com.mx\/index.php\/wp-json\/wp\/v2\/categories?post=5392"},{"taxonomy":"post_tag","embeddable":true,"href":"https:\/\/lavereda.com.mx\/index.php\/wp-json\/wp\/v2\/tags?post=5392"}],"curies":[{"name":"wp","href":"https:\/\/api.w.org\/{rel}","templated":true}]}}