{"id":5369,"date":"2023-08-25T02:48:30","date_gmt":"2023-08-25T02:48:30","guid":{"rendered":"http:\/\/lavereda.com.mx\/?p=5369"},"modified":"2023-08-25T02:48:31","modified_gmt":"2023-08-25T02:48:31","slug":"camerata-estrena-obra-del-compositor-antonio-juan-marcos","status":"publish","type":"post","link":"https:\/\/lavereda.com.mx\/index.php\/2023\/08\/25\/camerata-estrena-obra-del-compositor-antonio-juan-marcos\/","title":{"rendered":"Camerata estrena obra del compositor Antonio Juan Marcos"},"content":{"rendered":"\n<p>Camerata de Coahuila presenta su segundo concierto de Temporada Oto\u00f1o Invierno 2023, conformado por el estreno en M\u00e9xico de la obra\u00a0\u201cCanto de Semillas\u201d\u00a0del compositor mexicano Antonio Juan-Marcos y la\u00a0Sinfon\u00eda en Do Mayor, \u201cLa\u00a0Grande\u201d, D. 944 de Franz Schubert, bajo la direcci\u00f3n del maestro Ram\u00f3n Shade.<\/p>\n\n\n\n<p>La cita es este este 25 de agosto en punto de las 20:30 hrs., en el Teatro Isauro Mart\u00ednez.<\/p>\n\n\n\n<p>\u201cCanto de Semillas\u201d&nbsp;del compositor Antonio Juan-Marcos, es una obra para orquesta y sonidos electro-ac\u00fasticos comisionada por el maestro Miguel Harth- Bedoya y la Fort Worth Symphony Orchestra. Consta de tres movimientos y est\u00e1 basada en el libro de poemas \u201c\u00c1rbol Adentro\u201d de Octavio Paz.<\/p>\n\n\n\n<p>El estreno en M\u00e9xico contar\u00e1 con la difusi\u00f3n en est\u00e9reo de los sonidos electro- ac\u00fasticos del segundo y tercer movimiento, as\u00ed como con la presencia de una narradora&nbsp;\u2013&nbsp;Michelle Chaurand&nbsp;\u2013&nbsp;que recitar\u00e1 los poemas, un artista de video&nbsp;\u2013&nbsp;Jes\u00fas \u00c1ngel Oviedo Flores&nbsp;\u2013&nbsp;que proyectar\u00e1 im\u00e1genes que evocan texturas y atm\u00f3sferas relacionadas con la naturaleza y con los versos en los que est\u00e1 inspirada esta pieza. Un artista visual&nbsp;\u2013&nbsp;Javier Rodr\u00edguez&nbsp;\u2013&nbsp;quien ser\u00e1 el encargado de crear los ambientes evocativos de la naturaleza y de sus elementos.<\/p>\n\n\n\n<p>Antonio Juan-Marcos es nacido en la Ciudad de M\u00e9xico, se form\u00f3 como guitarrista cl\u00e1sico y compositor en el Conservatorio de Boston y obtuvo t\u00edtulos de licenciatura y maestr\u00eda en el Conservatorio Nacional Superior de M\u00fasica y Danza de Par\u00eds. Asimismo, desde 2018 posee un doctorado en Composici\u00f3n Musical por la Universidad de California, Berkeley, donde tambi\u00e9n funge como profesor de armon\u00eda y teor\u00eda musical.<\/p>\n\n\n\n<p>Su extensa obra &#8211; incluida en los repertorios de prestigiosas orquestas nacionales y extranjeras &#8211;&nbsp;ha sido descrita como \u201cseductora y sensible\u201d (ResMusica), \u201cm\u00fasica que introduce universos ricos en ac\u00fastica\u201d (Diapason), y \u201crepleta de atm\u00f3sferas&nbsp;bellas, misteriosas y delicadas\u201d (Musikzen).<\/p>\n\n\n\n<p>Entre sus obras m\u00e1s recientes figuran los estrenos mundiales de \u201cPasi\u00f3n de Violetas\u201d, el pasado 20 de mayo en el Cultural Arts Center de Montgomery College<\/p>\n\n\n\n<p>en Silver Spring, Maryland, Estados Unidos; y la \u00f3pera \u201cSed de los Cometas\u201d, el&nbsp;30 de septiembre de 2022, en la Sala Nezahualc\u00f3yotl en el marco del Festival CulturaUNAM. En mayo del 2022 se estren\u00f3 en el Festival Claude Helffer en Vitry- sur-Seine , Francia, su monodrama para bar\u00edtono y ensamble \u201cMi vida con Ola\u201d,basado en el cuento del mismo nombre del poeta Octavio Paz. El encargo fue hecho por el Ministerio de Cultura de Francia.<\/p>\n\n\n\n<p>Cabe destacar que en 2024 saldr\u00e1 a la venta un \u00e1lbum dedicado exclusivamente a su m\u00fasica vocal. En este disco, producido por la disquera Parma Recordings, participan el ensamble de la Rep\u00fablica Checa, Brno Contemporary Orchestra, la agrupaci\u00f3n francesa Ensemble Almaviva, as\u00ed como cantantes de talla internacional como Ma\u00eflys de Villoutreys y Alejandro Gabor.<\/p>\n\n\n\n<p>A lo largo de su destacada trayectoria como compositor, se ha hecho acreedor a numerosos premios y reconocimientos, entre los que figuran:<\/p>\n\n\n\n<p>En 2018, el American Prize en composici\u00f3n orquestal, por su obra \u201cAmanece\u201d&nbsp;(2015) inspirada en poemas de Octavio Paz en conmemoraci\u00f3n del centenario del nacimiento del ilustre Premio Nobel de Literatura.<\/p>\n\n\n\n<p>En 2016, el Eisner Prize para el mayor logro en las artes creativas otorgado por la Universidad de California, Berkeley.<\/p>\n\n\n\n<p>La segunda parte del concierto esta conformada por La Sinfon\u00eda No. 9, D. 944, en Do Mayor, conocida como\u00a0\u201cLa Grande\u201d, es la \u00faltima sinfon\u00eda compuesta por Franz Schubert. Se cree que fue compuesta entre 1825 y 1826, y fue estrenada el 21 de marzo de 1839, once a\u00f1os despu\u00e9s de la muerte del compositor, en Leipzig, bajo la direcci\u00f3n de F\u00e9lix Mendelssohn.<\/p>\n\n\n\n<figure class=\"wp-block-image size-full is-resized\"><img fetchpriority=\"high\" decoding=\"async\" src=\"https:\/\/lavereda.com.mx\/wp-content\/uploads\/2023\/08\/WhatsApp-Image-2023-08-22-at-13.16.17.jpeg\" alt=\"\" class=\"wp-image-5371\" width=\"517\" height=\"345\" srcset=\"https:\/\/lavereda.com.mx\/wp-content\/uploads\/2023\/08\/WhatsApp-Image-2023-08-22-at-13.16.17.jpeg 1000w, https:\/\/lavereda.com.mx\/wp-content\/uploads\/2023\/08\/WhatsApp-Image-2023-08-22-at-13.16.17-300x200.jpeg 300w, https:\/\/lavereda.com.mx\/wp-content\/uploads\/2023\/08\/WhatsApp-Image-2023-08-22-at-13.16.17-768x512.jpeg 768w\" sizes=\"(max-width: 517px) 100vw, 517px\" \/><figcaption>M\u00fasicos de la orquesta.<\/figcaption><\/figure>\n\n\n\n<p><\/p>\n","protected":false},"excerpt":{"rendered":"<p>Camerata de Coahuila presenta su segundo concierto de Temporada Oto\u00f1o Invierno 2023, conformado por el estreno en M\u00e9xico de la obra\u00a0\u201cCanto de Semillas\u201d\u00a0del compositor mexicano Antonio Juan-Marcos y la\u00a0Sinfon\u00eda en &hellip; <a href=\"https:\/\/lavereda.com.mx\/index.php\/2023\/08\/25\/camerata-estrena-obra-del-compositor-antonio-juan-marcos\/\" class=\"more-link\">Leer m\u00e1s<\/a><\/p>\n","protected":false},"author":9,"featured_media":5370,"comment_status":"open","ping_status":"open","sticky":false,"template":"","format":"standard","meta":{"footnotes":""},"categories":[18,4],"tags":[],"class_list":["post-5369","post","type-post","status-publish","format-standard","has-post-thumbnail","hentry","category-lomasrelevante","category-musica","entry"],"_links":{"self":[{"href":"https:\/\/lavereda.com.mx\/index.php\/wp-json\/wp\/v2\/posts\/5369","targetHints":{"allow":["GET"]}}],"collection":[{"href":"https:\/\/lavereda.com.mx\/index.php\/wp-json\/wp\/v2\/posts"}],"about":[{"href":"https:\/\/lavereda.com.mx\/index.php\/wp-json\/wp\/v2\/types\/post"}],"author":[{"embeddable":true,"href":"https:\/\/lavereda.com.mx\/index.php\/wp-json\/wp\/v2\/users\/9"}],"replies":[{"embeddable":true,"href":"https:\/\/lavereda.com.mx\/index.php\/wp-json\/wp\/v2\/comments?post=5369"}],"version-history":[{"count":1,"href":"https:\/\/lavereda.com.mx\/index.php\/wp-json\/wp\/v2\/posts\/5369\/revisions"}],"predecessor-version":[{"id":5372,"href":"https:\/\/lavereda.com.mx\/index.php\/wp-json\/wp\/v2\/posts\/5369\/revisions\/5372"}],"wp:featuredmedia":[{"embeddable":true,"href":"https:\/\/lavereda.com.mx\/index.php\/wp-json\/wp\/v2\/media\/5370"}],"wp:attachment":[{"href":"https:\/\/lavereda.com.mx\/index.php\/wp-json\/wp\/v2\/media?parent=5369"}],"wp:term":[{"taxonomy":"category","embeddable":true,"href":"https:\/\/lavereda.com.mx\/index.php\/wp-json\/wp\/v2\/categories?post=5369"},{"taxonomy":"post_tag","embeddable":true,"href":"https:\/\/lavereda.com.mx\/index.php\/wp-json\/wp\/v2\/tags?post=5369"}],"curies":[{"name":"wp","href":"https:\/\/api.w.org\/{rel}","templated":true}]}}