{"id":5365,"date":"2023-08-23T17:24:30","date_gmt":"2023-08-23T17:24:30","guid":{"rendered":"http:\/\/lavereda.com.mx\/?p=5365"},"modified":"2023-08-23T17:29:33","modified_gmt":"2023-08-23T17:29:33","slug":"invitan-a-la-exposicion-colectiva-desnudo","status":"publish","type":"post","link":"https:\/\/lavereda.com.mx\/index.php\/2023\/08\/23\/invitan-a-la-exposicion-colectiva-desnudo\/","title":{"rendered":"Invitan a la exposici\u00f3n colectiva \u00abDESnudo\u00bb"},"content":{"rendered":"\n<p>El Instituto Municipal de Cultura y Educaci\u00f3n en coordinaci\u00f3n con el Centro de Artes del Norte, invitan al p\u00fablico a la inauguraci\u00f3n de la exposici\u00f3n: \u201cDESnudo. Autorretrato como testimonio\u201d, este 24 de agosto a las 20:00 horas, en el Museo del Ferrocarril.<\/p>\n\n\n\n<p>\u201cDESnudo\u201d expone el papel esencial del autorretrato en la historia del arte como veh\u00edculo de autorreflexi\u00f3n y expresi\u00f3n personal. Los participantes en esta muestra son artistas visuales que se expresan a trav\u00e9s de la pintura y de otras disciplinas, t\u00e9cnicas y estilos.<\/p>\n\n\n\n<p>&nbsp;\u201cExploramos c\u00f3mo los artistas desatan nudos internos para revelarse aut\u00e9nticamente, dejando una impronta que revelan qui\u00e9nes son y c\u00f3mo optan por presentarse, un ejercicio que se expresa a trav\u00e9s de la intersubjetividad, desde lo social hasta lo art\u00edstico\u201d, explicaron las organizadoras.<\/p>\n\n\n\n<p>En esta exposici\u00f3n participan 30 artistas tanto locales como de otras partes del pa\u00eds, as\u00ed como artistas con trayectorias amplias y j\u00f3venes que en tiempos recientes han destacado en diferentes espacios art\u00edsticos y culturales.<\/p>\n\n\n\n<p>Las y los participantes son: \u00a0A F\u00e9lix, Alfredo Esparza C\u00e1rdenas, Ana Cuevas, Anna L\u00f3pez Anaya, Antonio Chaurand, Axel H. Lemaire, Brenda Virginia Castro, Cavidad Visceral, Daniela Edburg, Diionizia, Don Burdo, Elsa sin miedo, Evangelina Vel\u00e1zquez, Guillermo Colmenero, Gustavo Montes, Hannah Sicora, Kuizon, Laura Vel\u00e1zquez, Luis Sergio Rangel (M\u00e1scar), Marcela Zapiain, Mar\u00eda Ortiz, Mar\u00eda Vigne, Miguel Sifuentes, Norberto Trevi\u00f1o, Paloma Rocha, Patricia G. Santiago, Ricardo Nevel, Safos, San Rebelle, Sara Vel\u00e1zquez y Tatoy.<\/p>\n\n\n\n<p>Se cuenta con la curadur\u00eda de las destacadas artistas y promotoras culturales Esther Dom\u00ednguez Zarzar (TTZARZAR) y Frida H. Vel\u00e1zquez.<\/p>\n","protected":false},"excerpt":{"rendered":"<p>El Instituto Municipal de Cultura y Educaci\u00f3n en coordinaci\u00f3n con el Centro de Artes del Norte, invitan al p\u00fablico a la inauguraci\u00f3n de la exposici\u00f3n: \u201cDESnudo. Autorretrato como testimonio\u201d, este &hellip; <a href=\"https:\/\/lavereda.com.mx\/index.php\/2023\/08\/23\/invitan-a-la-exposicion-colectiva-desnudo\/\" class=\"more-link\">Leer m\u00e1s<\/a><\/p>\n","protected":false},"author":9,"featured_media":5366,"comment_status":"open","ping_status":"open","sticky":false,"template":"","format":"standard","meta":{"footnotes":""},"categories":[3,18],"tags":[],"class_list":["post-5365","post","type-post","status-publish","format-standard","has-post-thumbnail","hentry","category-artes-visuales","category-lomasrelevante","entry"],"_links":{"self":[{"href":"https:\/\/lavereda.com.mx\/index.php\/wp-json\/wp\/v2\/posts\/5365","targetHints":{"allow":["GET"]}}],"collection":[{"href":"https:\/\/lavereda.com.mx\/index.php\/wp-json\/wp\/v2\/posts"}],"about":[{"href":"https:\/\/lavereda.com.mx\/index.php\/wp-json\/wp\/v2\/types\/post"}],"author":[{"embeddable":true,"href":"https:\/\/lavereda.com.mx\/index.php\/wp-json\/wp\/v2\/users\/9"}],"replies":[{"embeddable":true,"href":"https:\/\/lavereda.com.mx\/index.php\/wp-json\/wp\/v2\/comments?post=5365"}],"version-history":[{"count":2,"href":"https:\/\/lavereda.com.mx\/index.php\/wp-json\/wp\/v2\/posts\/5365\/revisions"}],"predecessor-version":[{"id":5368,"href":"https:\/\/lavereda.com.mx\/index.php\/wp-json\/wp\/v2\/posts\/5365\/revisions\/5368"}],"wp:featuredmedia":[{"embeddable":true,"href":"https:\/\/lavereda.com.mx\/index.php\/wp-json\/wp\/v2\/media\/5366"}],"wp:attachment":[{"href":"https:\/\/lavereda.com.mx\/index.php\/wp-json\/wp\/v2\/media?parent=5365"}],"wp:term":[{"taxonomy":"category","embeddable":true,"href":"https:\/\/lavereda.com.mx\/index.php\/wp-json\/wp\/v2\/categories?post=5365"},{"taxonomy":"post_tag","embeddable":true,"href":"https:\/\/lavereda.com.mx\/index.php\/wp-json\/wp\/v2\/tags?post=5365"}],"curies":[{"name":"wp","href":"https:\/\/api.w.org\/{rel}","templated":true}]}}