{"id":5356,"date":"2023-08-19T23:24:56","date_gmt":"2023-08-19T23:24:56","guid":{"rendered":"http:\/\/lavereda.com.mx\/?p=5356"},"modified":"2023-08-19T23:24:57","modified_gmt":"2023-08-19T23:24:57","slug":"la-inspiracion-mas-profunda","status":"publish","type":"post","link":"https:\/\/lavereda.com.mx\/index.php\/2023\/08\/19\/la-inspiracion-mas-profunda\/","title":{"rendered":"La inspiraci\u00f3n m\u00e1s profunda"},"content":{"rendered":"\n<p>The Deepest Brath, 2023<\/p>\n\n\n\n<p>Netflix<\/p>\n\n\n\n<p>El documental deportivo dirigido por Laura McGann es una emocionante pel\u00edcula narrada como un thriller con un desenlace tr\u00e1gico, mundialmente conocido en el ambiente de los apneitsas.<\/p>\n\n\n\n<p>Alessia Zecchini es la campeona del mundo en inmersiones sin auxilio de ox\u00edgeno, una apneista internacionalmente reconocida por su audacia y valor. Para hacer sus zambullidas se auxiliaba del experto en seguridad Stephen Keenan, que la vigilaba durante todo el tiempo.<\/p>\n\n\n\n<p>Juntos, se preparaban para hacer una inmersi\u00f3n extrema en el Mar Rojo, una prueba que le hab\u00eda costado la vida a varios deportistas que se atrevieron a hacer el recorrido de peligro mortal bajo el agua.<\/p>\n\n\n\n<p>La cinta va mostrando como la obsesi\u00f3n de ella por las marcas mundiales se va convirtiendo un riesgoso desaf\u00edo, en el que lo que m\u00e1s le importaba era superar los r\u00e9cords que hab\u00edan implantado otros competidores.<\/p>\n\n\n\n<p>La cinta es angustiosa, y contiene material tomado de la vida real, e im\u00e1genes que muestran el fatal desenlace.<\/p>\n\n\n\n<p>Es crispante y magn\u00edfica.<\/p>\n\n\n\n<p>(PG. Orientaci\u00f3n de los padres)<\/p>\n\n\n\n<p>@LucianoCamposG<\/p>\n\n\n\n<figure class=\"wp-block-embed is-type-video is-provider-youtube wp-block-embed-youtube wp-embed-aspect-16-9 wp-has-aspect-ratio\"><div class=\"wp-block-embed__wrapper\">\n<iframe title=\"La inspiraci\u00f3n m\u00e1s profunda | Tr\u00e1iler oficial | Netflix\" width=\"1170\" height=\"658\" src=\"https:\/\/www.youtube.com\/embed\/EyGhr8ewWHI?feature=oembed\" frameborder=\"0\" allow=\"accelerometer; autoplay; clipboard-write; encrypted-media; gyroscope; picture-in-picture; web-share\" allowfullscreen><\/iframe>\n<\/div><\/figure>\n","protected":false},"excerpt":{"rendered":"<p>The Deepest Brath, 2023 Netflix El documental deportivo dirigido por Laura McGann es una emocionante pel\u00edcula narrada como un thriller con un desenlace tr\u00e1gico, mundialmente conocido en el ambiente de &hellip; <a href=\"https:\/\/lavereda.com.mx\/index.php\/2023\/08\/19\/la-inspiracion-mas-profunda\/\" class=\"more-link\">Leer m\u00e1s<\/a><\/p>\n","protected":false},"author":3,"featured_media":5357,"comment_status":"open","ping_status":"open","sticky":false,"template":"","format":"standard","meta":{"footnotes":""},"categories":[6,7,18],"tags":[],"class_list":["post-5356","post","type-post","status-publish","format-standard","has-post-thumbnail","hentry","category-cinetv","category-entretenimiento","category-lomasrelevante","entry"],"_links":{"self":[{"href":"https:\/\/lavereda.com.mx\/index.php\/wp-json\/wp\/v2\/posts\/5356","targetHints":{"allow":["GET"]}}],"collection":[{"href":"https:\/\/lavereda.com.mx\/index.php\/wp-json\/wp\/v2\/posts"}],"about":[{"href":"https:\/\/lavereda.com.mx\/index.php\/wp-json\/wp\/v2\/types\/post"}],"author":[{"embeddable":true,"href":"https:\/\/lavereda.com.mx\/index.php\/wp-json\/wp\/v2\/users\/3"}],"replies":[{"embeddable":true,"href":"https:\/\/lavereda.com.mx\/index.php\/wp-json\/wp\/v2\/comments?post=5356"}],"version-history":[{"count":1,"href":"https:\/\/lavereda.com.mx\/index.php\/wp-json\/wp\/v2\/posts\/5356\/revisions"}],"predecessor-version":[{"id":5358,"href":"https:\/\/lavereda.com.mx\/index.php\/wp-json\/wp\/v2\/posts\/5356\/revisions\/5358"}],"wp:featuredmedia":[{"embeddable":true,"href":"https:\/\/lavereda.com.mx\/index.php\/wp-json\/wp\/v2\/media\/5357"}],"wp:attachment":[{"href":"https:\/\/lavereda.com.mx\/index.php\/wp-json\/wp\/v2\/media?parent=5356"}],"wp:term":[{"taxonomy":"category","embeddable":true,"href":"https:\/\/lavereda.com.mx\/index.php\/wp-json\/wp\/v2\/categories?post=5356"},{"taxonomy":"post_tag","embeddable":true,"href":"https:\/\/lavereda.com.mx\/index.php\/wp-json\/wp\/v2\/tags?post=5356"}],"curies":[{"name":"wp","href":"https:\/\/api.w.org\/{rel}","templated":true}]}}