{"id":535,"date":"2020-09-02T02:44:15","date_gmt":"2020-09-02T02:44:15","guid":{"rendered":"http:\/\/lavereda.com.mx\/?p=535"},"modified":"2020-09-02T02:44:16","modified_gmt":"2020-09-02T02:44:16","slug":"abren-otros-tres-museos-en-torreon","status":"publish","type":"post","link":"https:\/\/lavereda.com.mx\/index.php\/2020\/09\/02\/abren-otros-tres-museos-en-torreon\/","title":{"rendered":"Abren otros tres museos en Torre\u00f3n"},"content":{"rendered":"\n<p>El pasado lunes la Direcci\u00f3n General de Cultura anunci\u00f3 la apertura del Museo de la Moneda y Canal de la Perla. Asimismo este martes se autoriz\u00f3 que el Museo del Ferrocarril reabra sus puertas a todo el p\u00fablico, a partir del mi\u00e9rcoles 2 de septiembre.&nbsp;<\/p>\n\n\n\n<p>El primer museo que reinici\u00f3 labores a puerta abierta es el Museo del Algod\u00f3n.<\/p>\n\n\n\n<p>Estos espacios estar\u00e1n abiertos de lunes a viernes de 10 am a 3 pm. Mientras el Museo del Ferrocarril permaneci\u00f3 cerrado, se realizaron labores de mantenimiento correctivo en todos los niveles, como lo fueron trabajos de pintura, electricidad, seguridad, y sobre todo \u00e1reas verdes. Adem\u00e1s, el personal del museo llev\u00f3 a cabo diversas capacitaciones sobre informaci\u00f3n, prevenci\u00f3n y medidas laborales en torno al Covid-19 otorgadas por el IMSS de forma virtual.<\/p>\n\n\n\n<p>Asimismo, durante este periodo, un club de Ferromodelismo que exhibe una maqueta a escala en el \u00e1rea de carpinter\u00eda, realiz\u00f3 trabajos de mantenimiento y montaje a nuevas \u00e1reas y piezas de exhibici\u00f3n, tambi\u00e9n fue reparado el tel\u00e9grafo que es parte del acervo de este recinto, y se realizaron diversas colaboraciones con la Direcci\u00f3n de Medio Ambiente, como talleres en l\u00ednea y convocatorias.<\/p>\n\n\n\n<p>Dentro del protocolo establecido, el cupo es limitado (5 personas cada hora) en un recorrido de un solo sentido de 30 a 40 minutos, y 20 minutos de limpieza despu\u00e9s de cada recorrido, adem\u00e1s de la toma de temperatura, gel antibacterial, estaciones de gel, as\u00ed como la colocaci\u00f3n de las se\u00f1al\u00e9ticas de salud y protecci\u00f3n civil correspondientes.<\/p>\n\n\n\n<p>Por el momento las visitas escolares permanecer\u00e1n suspendidas, adem\u00e1s de que se restringir\u00e1 el acceso a&nbsp; personas menores de 12 a\u00f1os. Asimismo se recomienda a que no asistan las personas embarazadas o mayores de 60 a\u00f1os.<\/p>\n\n\n\n<p>El Museo Casa del Cerro contin\u00faa trabajando en labores de mantenimiento, y se espera que el departamento de Inspecci\u00f3n Municipal recorra este inmueble los pr\u00f3ximos d\u00edas para autorizar su apertura.<\/p>\n","protected":false},"excerpt":{"rendered":"<p>El pasado lunes la Direcci\u00f3n General de Cultura anunci\u00f3 la apertura del Museo de la Moneda y Canal de la Perla.<\/p>\n","protected":false},"author":1,"featured_media":536,"comment_status":"open","ping_status":"open","sticky":false,"template":"","format":"standard","meta":{"footnotes":""},"categories":[18,8],"tags":[],"class_list":["post-535","post","type-post","status-publish","format-standard","has-post-thumbnail","hentry","category-lomasrelevante","category-sociedad","entry"],"_links":{"self":[{"href":"https:\/\/lavereda.com.mx\/index.php\/wp-json\/wp\/v2\/posts\/535","targetHints":{"allow":["GET"]}}],"collection":[{"href":"https:\/\/lavereda.com.mx\/index.php\/wp-json\/wp\/v2\/posts"}],"about":[{"href":"https:\/\/lavereda.com.mx\/index.php\/wp-json\/wp\/v2\/types\/post"}],"author":[{"embeddable":true,"href":"https:\/\/lavereda.com.mx\/index.php\/wp-json\/wp\/v2\/users\/1"}],"replies":[{"embeddable":true,"href":"https:\/\/lavereda.com.mx\/index.php\/wp-json\/wp\/v2\/comments?post=535"}],"version-history":[{"count":1,"href":"https:\/\/lavereda.com.mx\/index.php\/wp-json\/wp\/v2\/posts\/535\/revisions"}],"predecessor-version":[{"id":537,"href":"https:\/\/lavereda.com.mx\/index.php\/wp-json\/wp\/v2\/posts\/535\/revisions\/537"}],"wp:featuredmedia":[{"embeddable":true,"href":"https:\/\/lavereda.com.mx\/index.php\/wp-json\/wp\/v2\/media\/536"}],"wp:attachment":[{"href":"https:\/\/lavereda.com.mx\/index.php\/wp-json\/wp\/v2\/media?parent=535"}],"wp:term":[{"taxonomy":"category","embeddable":true,"href":"https:\/\/lavereda.com.mx\/index.php\/wp-json\/wp\/v2\/categories?post=535"},{"taxonomy":"post_tag","embeddable":true,"href":"https:\/\/lavereda.com.mx\/index.php\/wp-json\/wp\/v2\/tags?post=535"}],"curies":[{"name":"wp","href":"https:\/\/api.w.org\/{rel}","templated":true}]}}