{"id":5347,"date":"2023-08-18T16:59:03","date_gmt":"2023-08-18T16:59:03","guid":{"rendered":"http:\/\/lavereda.com.mx\/?p=5347"},"modified":"2023-08-18T16:59:04","modified_gmt":"2023-08-18T16:59:04","slug":"alex-serhan-lanza-nuevo-video-musical","status":"publish","type":"post","link":"https:\/\/lavereda.com.mx\/index.php\/2023\/08\/18\/alex-serhan-lanza-nuevo-video-musical\/","title":{"rendered":"Alex Serhan lanza nuevo video musical"},"content":{"rendered":"\n<ul class=\"wp-block-list\"><li>Se prepara para el lanzamiento de su nuevo video \u201cSin Aliento\u201d que fue filmado en su totalidad en el desierto de Viesca, Coahuila<\/li><\/ul>\n\n\n\n<p>Jazz en el desierto, lleg\u00f3 a su fin. La temporada de conciertos ofrecida por el reconocido cantante lagunero Alex Serhan, termin\u00f3 con \u00e9xito luego de cuatro funciones en la Comarca Lagunera, ofrecidas en Chiosco de Casa La Morelos en esta ciudad.<\/p>\n\n\n\n<p>Las presentaciones iniciaron el pasado cinco de mayo con una periodicidad de cada quince d\u00edas. Serhan deleit\u00f3 los o\u00eddos de los laguneros con un extenso repertorio de canciones in\u00e9ditas y varios covers de jazz, que hicieron que el p\u00fablico cantara, bailara y riera con \u00e9l en cada funci\u00f3n. <\/p>\n\n\n\n<p>El p\u00fablico sali\u00f3 realmente complacido del virtuosismo vocal de Alex Serhan, adem\u00e1s de decirse sorprendidos por encontrar en el jazz un ritmo multicultural y polif\u00f3nico que quieren seguir escuchando cada vez m\u00e1s en la ciudad. El cierre de la temporada fue el pasado 16 de junio, todas las presentaciones contaron con llenos totales en la que cientos de laguneros pudieron vivir disfrutar de la experiencia \u201cJazz en el desierto\u201d.<\/p>\n\n\n\n<p>Alex Serhan ahora se prepara para el lanzamiento de su nuevo video musical \u201cSin Aliento\u201d que fue filmado en su totalidad en el desierto de Viesca, Coahuila. El estreno ser\u00e1 este pr\u00f3ximo mes de agosto en todas las plataformas digitales. Gracias al \u00e9xito obtenido en su primera temporada en Torre\u00f3n, Alex Serhan vuelve a La Comarca con dos fechas, la primera el s\u00e1bado 19 de agosto en Plan B y el s\u00e1bado 30 de septiembre en el Cerro de las Noas.<\/p>\n\n\n\n<p><\/p>\n","protected":false},"excerpt":{"rendered":"<p>Se prepara para el lanzamiento de su nuevo video \u201cSin Aliento\u201d que fue filmado en su totalidad en el desierto de Viesca, Coahuila Jazz en el desierto, lleg\u00f3 a su &hellip; <a href=\"https:\/\/lavereda.com.mx\/index.php\/2023\/08\/18\/alex-serhan-lanza-nuevo-video-musical\/\" class=\"more-link\">Leer m\u00e1s<\/a><\/p>\n","protected":false},"author":1,"featured_media":5348,"comment_status":"open","ping_status":"open","sticky":false,"template":"","format":"standard","meta":{"footnotes":""},"categories":[18,9],"tags":[],"class_list":["post-5347","post","type-post","status-publish","format-standard","has-post-thumbnail","hentry","category-lomasrelevante","category-opinion","entry"],"_links":{"self":[{"href":"https:\/\/lavereda.com.mx\/index.php\/wp-json\/wp\/v2\/posts\/5347","targetHints":{"allow":["GET"]}}],"collection":[{"href":"https:\/\/lavereda.com.mx\/index.php\/wp-json\/wp\/v2\/posts"}],"about":[{"href":"https:\/\/lavereda.com.mx\/index.php\/wp-json\/wp\/v2\/types\/post"}],"author":[{"embeddable":true,"href":"https:\/\/lavereda.com.mx\/index.php\/wp-json\/wp\/v2\/users\/1"}],"replies":[{"embeddable":true,"href":"https:\/\/lavereda.com.mx\/index.php\/wp-json\/wp\/v2\/comments?post=5347"}],"version-history":[{"count":2,"href":"https:\/\/lavereda.com.mx\/index.php\/wp-json\/wp\/v2\/posts\/5347\/revisions"}],"predecessor-version":[{"id":5351,"href":"https:\/\/lavereda.com.mx\/index.php\/wp-json\/wp\/v2\/posts\/5347\/revisions\/5351"}],"wp:featuredmedia":[{"embeddable":true,"href":"https:\/\/lavereda.com.mx\/index.php\/wp-json\/wp\/v2\/media\/5348"}],"wp:attachment":[{"href":"https:\/\/lavereda.com.mx\/index.php\/wp-json\/wp\/v2\/media?parent=5347"}],"wp:term":[{"taxonomy":"category","embeddable":true,"href":"https:\/\/lavereda.com.mx\/index.php\/wp-json\/wp\/v2\/categories?post=5347"},{"taxonomy":"post_tag","embeddable":true,"href":"https:\/\/lavereda.com.mx\/index.php\/wp-json\/wp\/v2\/tags?post=5347"}],"curies":[{"name":"wp","href":"https:\/\/api.w.org\/{rel}","templated":true}]}}