{"id":5334,"date":"2023-08-16T21:01:19","date_gmt":"2023-08-16T21:01:19","guid":{"rendered":"http:\/\/lavereda.com.mx\/?p=5334"},"modified":"2023-08-16T21:01:20","modified_gmt":"2023-08-16T21:01:20","slug":"lanzan-un-libro-ilustrado-y-en-verso-para-entender-a-los-bichos","status":"publish","type":"post","link":"https:\/\/lavereda.com.mx\/index.php\/2023\/08\/16\/lanzan-un-libro-ilustrado-y-en-verso-para-entender-a-los-bichos\/","title":{"rendered":"Lanzan un libro ilustrado y en verso para entender a los bichos"},"content":{"rendered":"\n<ul class=\"wp-block-list\"><li>La vena creativa de Viridiana Lizardo la llev\u00f3 a escribir sobre insectos<\/li><\/ul>\n\n\n\n<p>Est\u00e1n en los hogares, \u00e1rboles, jardines, campos y en el cielo: debajo de las piedras, &nbsp;tambi\u00e9n en el d\u00eda a d\u00eda de Viridiana Lizardo Brise\u00f1o, una entom\u00f3loga y ec\u00f3loga que escribi\u00f3 <em>Un librito de bichos<\/em> (Amonite, 2023).<\/p>\n\n\n\n<p>Entre ciencia y literatura, los agrup\u00f3 por especies. Est\u00e1n ah\u00ed los amet\u00e1bolos, hemimet\u00e1bolos y holomet\u00e1bolos, acompa\u00f1ados de un glosario e ilustraciones realizadas por su hermana Paloma.<\/p>\n\n\n\n<p>El proyecto lo empez\u00f3 durante la pandemia, su pap\u00e1, el escritor y ensayista Gonzalo Lizardo, le platic\u00f3 que en el estado de Zacatecas hab\u00eda un concurso de libro infantil.<\/p>\n\n\n\n<p>\u201cEscrib\u00ed a partir de la forma en la que me ense\u00f1aron en la escuela, de manera evolutivo para ni\u00f1os, en cuento, verso simple y as\u00ed surgi\u00f3 este libro. No gan\u00e9 el concurso, creo que fue porque es algo extra\u00f1o la uni\u00f3n entre ciencia y literatura\u201d, explic\u00f3.<\/p>\n\n\n\n<p>Tiempo despu\u00e9s, Amonite decidi\u00f3 incluirla dentro de su oferta editorial.<\/p>\n\n\n\n<p><strong>Leer desde la infancia<\/strong><\/p>\n\n\n\n<p>Viridiana aprendi\u00f3 que el mundo era ir m\u00e1s all\u00e1 de lo que todos conoc\u00edan, pap\u00e1 le contaba cientos de historias. Cuando fue creciendo sus lecturas se diversificaron, hasta llegar a la ciencia.<\/p>\n\n\n\n<p>Sus estudios como bi\u00f3loga y la especializaci\u00f3n en insectos le permitieron publicar textos acad\u00e9micos; dentro de ella la literatura no se hab\u00eda ido.<\/p>\n\n\n\n<p>\u201cDe chica tom\u00e9 talleres literarios y en un tiempo tuve un blog, pero por mi profesi\u00f3n empec\u00e9 a escribir de forma acad\u00e9mica, que es algo cuadrado y da poco espacio a la creatividad, pero pensando tambi\u00e9n en mi hija me puse a escribir\u201d.<\/p>\n\n\n\n<p>De esa manera buscaba recuperar una vida activa y la escritura se prest\u00f3 para ese fin.<\/p>\n\n\n\n<p>\u201cQuer\u00eda volver a la vida acad\u00e9mica y una manera de recuperarla fue dedicarme para lo que yo fui entrenada y que fuera compatible con mi nueva forma de vida siendo madre\u201d.<\/p>\n\n\n\n<figure class=\"wp-block-image size-large is-resized\"><img fetchpriority=\"high\" decoding=\"async\" src=\"https:\/\/lavereda.com.mx\/wp-content\/uploads\/2023\/08\/PHOTO-2023-08-16-12-10-45-575x1024.jpg\" alt=\"\" class=\"wp-image-5338\" width=\"363\" height=\"646\" srcset=\"https:\/\/lavereda.com.mx\/wp-content\/uploads\/2023\/08\/PHOTO-2023-08-16-12-10-45-575x1024.jpg 575w, https:\/\/lavereda.com.mx\/wp-content\/uploads\/2023\/08\/PHOTO-2023-08-16-12-10-45-169x300.jpg 169w, https:\/\/lavereda.com.mx\/wp-content\/uploads\/2023\/08\/PHOTO-2023-08-16-12-10-45-768x1367.jpg 768w, https:\/\/lavereda.com.mx\/wp-content\/uploads\/2023\/08\/PHOTO-2023-08-16-12-10-45-863x1536.jpg 863w, https:\/\/lavereda.com.mx\/wp-content\/uploads\/2023\/08\/PHOTO-2023-08-16-12-10-45.jpg 899w\" sizes=\"(max-width: 363px) 100vw, 363px\" \/><\/figure>\n\n\n\n<p><strong><em>Un librito de bichos<\/em><\/strong><\/p>\n\n\n\n<p>Lilith, la hija de seis a\u00f1os de edad de Viridiana, le ped\u00eda que le contara historias. Empez\u00f3 a buscar libros y encontr\u00f3 que no hab\u00eda mucha informaci\u00f3n.<\/p>\n\n\n\n<p>\u201cDecid\u00ed escribir sobre insectos porque es de lo que m\u00e1s conozco, yo bromeaba diciendo que la ciencia mat\u00f3 mi esp\u00edritu creativo, pero me propuse recuperarlo y aplicarlo\u201d.<\/p>\n\n\n\n<p>Viridiana Lizardo reuni\u00f3 a m\u00e1s de 20 especies diferentes; describe a los chapulines y grillos, que pertenecen a la familia de ort\u00f3pteros y tambi\u00e9n nos cuenta sobre la phasmatodea, conocidos como insectos de palo, porque parecen \u2018fantasmas\u2019 por su gran habilidad para vivir sin que nadie los moleste porque se mimetizan.<\/p>\n\n\n\n<p>\u201cMuchas de las poblaciones de insectos est\u00e1n desapareciendo, antes los mir\u00e1bamos en los cristales de los autom\u00f3viles y ahora no, por eso es importante tambi\u00e9n hacer este libro, tengo mucha curiosidad c\u00f3mo va a ser recibido, porque le puse rigor cient\u00edfico\u201d.<\/p>\n\n\n\n<p><em>Un librito de bichos<\/em> lo puedes adquirir en la p\u00e1gina <a href=\"http:\/\/www.amonite.com.mx\">www.amonite.com.mx<\/a>, o escribiendo al WhatsApp (844)1297379.<\/p>\n","protected":false},"excerpt":{"rendered":"<p>La vena creativa de Viridiana Lizardo la llev\u00f3 a escribir sobre insectos Est\u00e1n en los hogares, \u00e1rboles, jardines, campos y en el cielo: debajo de las piedras, &nbsp;tambi\u00e9n en el &hellip; <a href=\"https:\/\/lavereda.com.mx\/index.php\/2023\/08\/16\/lanzan-un-libro-ilustrado-y-en-verso-para-entender-a-los-bichos\/\" class=\"more-link\">Leer m\u00e1s<\/a><\/p>\n","protected":false},"author":9,"featured_media":5339,"comment_status":"open","ping_status":"open","sticky":false,"template":"","format":"standard","meta":{"footnotes":""},"categories":[10,5,18],"tags":[],"class_list":["post-5334","post","type-post","status-publish","format-standard","has-post-thumbnail","hentry","category-la-vereda-infantil","category-letras-y-libros","category-lomasrelevante","entry"],"_links":{"self":[{"href":"https:\/\/lavereda.com.mx\/index.php\/wp-json\/wp\/v2\/posts\/5334","targetHints":{"allow":["GET"]}}],"collection":[{"href":"https:\/\/lavereda.com.mx\/index.php\/wp-json\/wp\/v2\/posts"}],"about":[{"href":"https:\/\/lavereda.com.mx\/index.php\/wp-json\/wp\/v2\/types\/post"}],"author":[{"embeddable":true,"href":"https:\/\/lavereda.com.mx\/index.php\/wp-json\/wp\/v2\/users\/9"}],"replies":[{"embeddable":true,"href":"https:\/\/lavereda.com.mx\/index.php\/wp-json\/wp\/v2\/comments?post=5334"}],"version-history":[{"count":2,"href":"https:\/\/lavereda.com.mx\/index.php\/wp-json\/wp\/v2\/posts\/5334\/revisions"}],"predecessor-version":[{"id":5341,"href":"https:\/\/lavereda.com.mx\/index.php\/wp-json\/wp\/v2\/posts\/5334\/revisions\/5341"}],"wp:featuredmedia":[{"embeddable":true,"href":"https:\/\/lavereda.com.mx\/index.php\/wp-json\/wp\/v2\/media\/5339"}],"wp:attachment":[{"href":"https:\/\/lavereda.com.mx\/index.php\/wp-json\/wp\/v2\/media?parent=5334"}],"wp:term":[{"taxonomy":"category","embeddable":true,"href":"https:\/\/lavereda.com.mx\/index.php\/wp-json\/wp\/v2\/categories?post=5334"},{"taxonomy":"post_tag","embeddable":true,"href":"https:\/\/lavereda.com.mx\/index.php\/wp-json\/wp\/v2\/tags?post=5334"}],"curies":[{"name":"wp","href":"https:\/\/api.w.org\/{rel}","templated":true}]}}