{"id":5321,"date":"2023-08-12T21:32:51","date_gmt":"2023-08-12T21:32:51","guid":{"rendered":"http:\/\/lavereda.com.mx\/?p=5321"},"modified":"2023-08-12T21:32:52","modified_gmt":"2023-08-12T21:32:52","slug":"the-flash","status":"publish","type":"post","link":"https:\/\/lavereda.com.mx\/index.php\/2023\/08\/12\/the-flash\/","title":{"rendered":"The Flash"},"content":{"rendered":"\n<p><strong>The Flash, 2023<\/strong><\/p>\n\n\n\n<p><strong>Amazon Prime Video.<\/strong><\/p>\n\n\n\n<p>Las pel\u00edculas de superh\u00e9roes no se cansan de hacer historias en torno a los portales en el tiempo, los multiversos y las paradojas de saltar entre \u00e9pocas.<\/p>\n\n\n\n<p>El muchacho Barry Allen ha adquirido poderes extraordinarios de velocidad cu\u00e1ntica a trav\u00e9s de un lamentable accidente de laboratorio.<\/p>\n\n\n\n<p>Crece como el superh\u00e9roe Flash, aunque de pronto, debe volver en el tiempo porque la tierra se encuentra en problemas y los superh\u00e9roes del universo DC est\u00e1n dispersos y no han formado equipo.<\/p>\n\n\n\n<p>El joven velocista entonces regresa a su \u00e9poca juvenil, cuando apenas iniciaba a explorar sus potenciales, por lo que de pronto hay dos flashes interactuando juntos.<\/p>\n\n\n\n<p>Las posibilidades de equ\u00edvocos son infinitas.<\/p>\n\n\n\n<p>Ezra Miller es excelentemente seleccionado para interpretar a este prohombre despistado.<\/p>\n\n\n\n<p>Toda la pel\u00edcula es de tono c\u00f3mico, aunque al final tiene sus momentos dram\u00e1ticos, relacionados con la posibilidad de evitar tragedias, aunque eso altere el curso de la humanidad. El dilema es dif\u00edcil.<\/p>\n\n\n\n<p>Regresan del pasado algunos viejos compa\u00f1eros que se convierte en grandes sorpresas para el p\u00fablico.<\/p>\n\n\n\n<p>Es otra cinta de superh\u00e9roes con gran presupuesto y gran entretenimiento.<\/p>\n\n\n\n<p>(PG-13. Orientaci\u00f3n de los padres a menores de 13 a\u00f1os)<\/p>\n\n\n\n<p>@LucianoCamposG<\/p>\n\n\n\n<figure class=\"wp-block-embed is-type-video is-provider-youtube wp-block-embed-youtube wp-embed-aspect-16-9 wp-has-aspect-ratio\"><div class=\"wp-block-embed__wrapper\">\n<iframe title=\"THE FLASH Tr\u00e1iler 2 Espa\u00f1ol Latino (2023)\" width=\"1170\" height=\"658\" src=\"https:\/\/www.youtube.com\/embed\/LmC5pxr9JZY?feature=oembed\" frameborder=\"0\" allow=\"accelerometer; autoplay; clipboard-write; encrypted-media; gyroscope; picture-in-picture; web-share\" allowfullscreen><\/iframe>\n<\/div><\/figure>\n","protected":false},"excerpt":{"rendered":"<p>The Flash, 2023 Amazon Prime Video. Las pel\u00edculas de superh\u00e9roes no se cansan de hacer historias en torno a los portales en el tiempo, los multiversos y las paradojas de &hellip; <a href=\"https:\/\/lavereda.com.mx\/index.php\/2023\/08\/12\/the-flash\/\" class=\"more-link\">Leer m\u00e1s<\/a><\/p>\n","protected":false},"author":3,"featured_media":5322,"comment_status":"open","ping_status":"open","sticky":false,"template":"","format":"standard","meta":{"footnotes":""},"categories":[6,7],"tags":[40],"class_list":["post-5321","post","type-post","status-publish","format-standard","has-post-thumbnail","hentry","category-cinetv","category-entretenimiento","tag-cine","entry"],"_links":{"self":[{"href":"https:\/\/lavereda.com.mx\/index.php\/wp-json\/wp\/v2\/posts\/5321","targetHints":{"allow":["GET"]}}],"collection":[{"href":"https:\/\/lavereda.com.mx\/index.php\/wp-json\/wp\/v2\/posts"}],"about":[{"href":"https:\/\/lavereda.com.mx\/index.php\/wp-json\/wp\/v2\/types\/post"}],"author":[{"embeddable":true,"href":"https:\/\/lavereda.com.mx\/index.php\/wp-json\/wp\/v2\/users\/3"}],"replies":[{"embeddable":true,"href":"https:\/\/lavereda.com.mx\/index.php\/wp-json\/wp\/v2\/comments?post=5321"}],"version-history":[{"count":1,"href":"https:\/\/lavereda.com.mx\/index.php\/wp-json\/wp\/v2\/posts\/5321\/revisions"}],"predecessor-version":[{"id":5323,"href":"https:\/\/lavereda.com.mx\/index.php\/wp-json\/wp\/v2\/posts\/5321\/revisions\/5323"}],"wp:featuredmedia":[{"embeddable":true,"href":"https:\/\/lavereda.com.mx\/index.php\/wp-json\/wp\/v2\/media\/5322"}],"wp:attachment":[{"href":"https:\/\/lavereda.com.mx\/index.php\/wp-json\/wp\/v2\/media?parent=5321"}],"wp:term":[{"taxonomy":"category","embeddable":true,"href":"https:\/\/lavereda.com.mx\/index.php\/wp-json\/wp\/v2\/categories?post=5321"},{"taxonomy":"post_tag","embeddable":true,"href":"https:\/\/lavereda.com.mx\/index.php\/wp-json\/wp\/v2\/tags?post=5321"}],"curies":[{"name":"wp","href":"https:\/\/api.w.org\/{rel}","templated":true}]}}