{"id":5314,"date":"2023-08-09T23:56:55","date_gmt":"2023-08-09T23:56:55","guid":{"rendered":"http:\/\/lavereda.com.mx\/?p=5314"},"modified":"2023-08-09T23:56:56","modified_gmt":"2023-08-09T23:56:56","slug":"el-museo-arocena-presenta-la-17-bienal-del-cartel-en-mexico","status":"publish","type":"post","link":"https:\/\/lavereda.com.mx\/index.php\/2023\/08\/09\/el-museo-arocena-presenta-la-17-bienal-del-cartel-en-mexico\/","title":{"rendered":"El Museo Arocena presenta la 17 Bienal del Cartel en M\u00e9xico"},"content":{"rendered":"\n<p>El Museo Arocena presenta nuevamente la&nbsp;<strong>Bienal Internacional del Cartel en M\u00e9xico<\/strong>, en su 17\u00aa edici\u00f3n, con Alemania como pa\u00eds invitado. La inauguraci\u00f3n es este jueves 10 de agosto, a las 19:00 horas.<\/p>\n\n\n\n<p>Esta exposici\u00f3n presenta m\u00e1s de 400 carteles provenientes de 80 pa\u00edses, en donde los m\u00e1ximos creadores del dise\u00f1o a nivel mundial ponen de manifiesto la vanguardia y la constante renovaci\u00f3n en uno de los medios de comunicaci\u00f3n visuales m\u00e1s importantes: el cartel.<\/p>\n\n\n\n<p>La muestra se compone de seis categor\u00edas: \u201cCartel Cultural\u201d, \u201cCarteles por la restauraci\u00f3n del planeta\u201d, \u201cCarteles por el derecho de migrar\u201d, \u201cCarteles por un mejor futuro sin corrupci\u00f3n\u201d, \u201cLa competencia en la econom\u00eda digital\u201d y \u201cCarteles por la diversidad en un solo mundo\u201d.<\/p>\n\n\n\n<p>En la inauguraci\u00f3n se contar\u00e1 con la presencia de&nbsp;<strong>Xavier Berm\u00fadez<\/strong>, director y gestor de esta Bienal, que cada a\u00f1o convoca a miles de visitantes en la Comarca Lagunera, donde el Museo Arocena es sede desde hace varios a\u00f1os.<\/p>\n\n\n\n<p>Con m\u00e1s de 30 a\u00f1os de historia, la Bienal Internacional del Cartel en M\u00e9xico es un proyecto cuya misi\u00f3n no solo ha sido promover y preservar la memoria del cartel en M\u00e9xico, sino ser un motor tanto para el dise\u00f1o gr\u00e1fico mexicano como el de Latinoam\u00e9rica; as\u00ed como fomentar su ense\u00f1anza y la cultura visual de nuestro pa\u00eds.<\/p>\n\n\n\n<p><em>Foto: Cartel de Beatriz Arreguin Medrano, M\u00e9xico.<\/em><\/p>\n","protected":false},"excerpt":{"rendered":"<p>El Museo Arocena presenta nuevamente la&nbsp;Bienal Internacional del Cartel en M\u00e9xico, en su 17\u00aa edici\u00f3n, con Alemania como pa\u00eds invitado. La inauguraci\u00f3n es este jueves 10 de agosto, a las &hellip; <a href=\"https:\/\/lavereda.com.mx\/index.php\/2023\/08\/09\/el-museo-arocena-presenta-la-17-bienal-del-cartel-en-mexico\/\" class=\"more-link\">Leer m\u00e1s<\/a><\/p>\n","protected":false},"author":9,"featured_media":5316,"comment_status":"open","ping_status":"open","sticky":false,"template":"","format":"standard","meta":{"footnotes":""},"categories":[3,18],"tags":[],"class_list":["post-5314","post","type-post","status-publish","format-standard","has-post-thumbnail","hentry","category-artes-visuales","category-lomasrelevante","entry"],"_links":{"self":[{"href":"https:\/\/lavereda.com.mx\/index.php\/wp-json\/wp\/v2\/posts\/5314","targetHints":{"allow":["GET"]}}],"collection":[{"href":"https:\/\/lavereda.com.mx\/index.php\/wp-json\/wp\/v2\/posts"}],"about":[{"href":"https:\/\/lavereda.com.mx\/index.php\/wp-json\/wp\/v2\/types\/post"}],"author":[{"embeddable":true,"href":"https:\/\/lavereda.com.mx\/index.php\/wp-json\/wp\/v2\/users\/9"}],"replies":[{"embeddable":true,"href":"https:\/\/lavereda.com.mx\/index.php\/wp-json\/wp\/v2\/comments?post=5314"}],"version-history":[{"count":2,"href":"https:\/\/lavereda.com.mx\/index.php\/wp-json\/wp\/v2\/posts\/5314\/revisions"}],"predecessor-version":[{"id":5317,"href":"https:\/\/lavereda.com.mx\/index.php\/wp-json\/wp\/v2\/posts\/5314\/revisions\/5317"}],"wp:featuredmedia":[{"embeddable":true,"href":"https:\/\/lavereda.com.mx\/index.php\/wp-json\/wp\/v2\/media\/5316"}],"wp:attachment":[{"href":"https:\/\/lavereda.com.mx\/index.php\/wp-json\/wp\/v2\/media?parent=5314"}],"wp:term":[{"taxonomy":"category","embeddable":true,"href":"https:\/\/lavereda.com.mx\/index.php\/wp-json\/wp\/v2\/categories?post=5314"},{"taxonomy":"post_tag","embeddable":true,"href":"https:\/\/lavereda.com.mx\/index.php\/wp-json\/wp\/v2\/tags?post=5314"}],"curies":[{"name":"wp","href":"https:\/\/api.w.org\/{rel}","templated":true}]}}