{"id":5304,"date":"2023-08-04T01:38:30","date_gmt":"2023-08-04T01:38:30","guid":{"rendered":"http:\/\/lavereda.com.mx\/?p=5304"},"modified":"2023-08-04T04:04:33","modified_gmt":"2023-08-04T04:04:33","slug":"ricardo-acosta-regresar-para-interpretar-a-beethoven","status":"publish","type":"post","link":"https:\/\/lavereda.com.mx\/index.php\/2023\/08\/04\/ricardo-acosta-regresar-para-interpretar-a-beethoven\/","title":{"rendered":"Ricardo Acosta regresa para interpretar a Beethoven"},"content":{"rendered":"\n<p>Poseedor de un gran talento que cultiva desde los seis a\u00f1os de edad, el joven pianista lagunero Ricardo Acosta est\u00e1 de regreso en Torre\u00f3n para presentar dos conciertos donde interpreta obras de su compositor favorito: Beethoven.<\/p>\n\n\n\n<p>El primero fue el mi\u00e9rcoles y este viernes 4 de agosto es el segundo, a las 20:00 horas en el Teatro Isauro Mart\u00ednez.<\/p>\n\n\n\n<p>La m\u00fasica de Ricardo Acosta ha sido descrita como \u00abposeedora de gran sensibilidad, con colores y sombras que crean una atm\u00f3sfera personal y \u00fanica\u00bb (East Hampton Star).&nbsp;<\/p>\n\n\n\n<p>Laureado en Francia en el Concours International Piano \u00e0 Mayenne 2019. Es pianista, compositor y director nativo de Torre\u00f3n, M\u00e9xico, estudiante de Mariana Chabukiani y Michael Coonrod. Fue becado en la Escuela de M\u00fasica Eastman para estudiar Piano y Composici\u00f3n Musical bajo Barry Snyder, Ricardo Zohn-Muldoon y Carlos S\u00e1nchez- Gutierrez.&nbsp;&nbsp;Actualmente radica en Suiza.&nbsp;<\/p>\n\n\n\n<p>En su amplia carrera, ha encontrado en Beethoven a uno de sus compositores favoritos, lo que le permite expresar emociones intensas, a trav\u00e9s de su t\u00e9cnica. Las obras del artista alem\u00e1n, consider\u00f3, son de un alto grado de dificultad.<\/p>\n\n\n\n<p>El lagunero de 30 a\u00f1os de edad ha tenido la oportunidad de tocar en festivales de diversas partes de M\u00e9xico, con la Camerata de Coahuila, con orquestas de Mosc\u00fa, Francia, Praga, Suiza, entre otras, llevando su talento hasta los mejores escenarios.<\/p>\n\n\n\n<p>En 2016 recibe la prestigiosa Beca de Excelencia del Gobierno de Suiza. Para Ricardo, la m\u00fasica de Beethoven no es aburrida, al contrario, es f\u00e1cil contagiarse por las emociones que transmite y puede ser disfrutada por todo tipo de p\u00fablico.<\/p>\n\n\n\n<p>En el segundo concierto intepretar\u00e1 tres sonatas para piano que ha estudiado ampliamente.<\/p>\n","protected":false},"excerpt":{"rendered":"<p>Poseedor de un gran talento que cultiva desde los seis a\u00f1os de edad, el joven pianista lagunero Ricardo Acosta est\u00e1 de regreso en Torre\u00f3n para presentar dos conciertos donde interpreta &hellip; <a href=\"https:\/\/lavereda.com.mx\/index.php\/2023\/08\/04\/ricardo-acosta-regresar-para-interpretar-a-beethoven\/\" class=\"more-link\">Leer m\u00e1s<\/a><\/p>\n","protected":false},"author":9,"featured_media":5306,"comment_status":"open","ping_status":"open","sticky":false,"template":"","format":"standard","meta":{"footnotes":""},"categories":[18,4],"tags":[],"class_list":["post-5304","post","type-post","status-publish","format-standard","has-post-thumbnail","hentry","category-lomasrelevante","category-musica","entry"],"_links":{"self":[{"href":"https:\/\/lavereda.com.mx\/index.php\/wp-json\/wp\/v2\/posts\/5304","targetHints":{"allow":["GET"]}}],"collection":[{"href":"https:\/\/lavereda.com.mx\/index.php\/wp-json\/wp\/v2\/posts"}],"about":[{"href":"https:\/\/lavereda.com.mx\/index.php\/wp-json\/wp\/v2\/types\/post"}],"author":[{"embeddable":true,"href":"https:\/\/lavereda.com.mx\/index.php\/wp-json\/wp\/v2\/users\/9"}],"replies":[{"embeddable":true,"href":"https:\/\/lavereda.com.mx\/index.php\/wp-json\/wp\/v2\/comments?post=5304"}],"version-history":[{"count":2,"href":"https:\/\/lavereda.com.mx\/index.php\/wp-json\/wp\/v2\/posts\/5304\/revisions"}],"predecessor-version":[{"id":5309,"href":"https:\/\/lavereda.com.mx\/index.php\/wp-json\/wp\/v2\/posts\/5304\/revisions\/5309"}],"wp:featuredmedia":[{"embeddable":true,"href":"https:\/\/lavereda.com.mx\/index.php\/wp-json\/wp\/v2\/media\/5306"}],"wp:attachment":[{"href":"https:\/\/lavereda.com.mx\/index.php\/wp-json\/wp\/v2\/media?parent=5304"}],"wp:term":[{"taxonomy":"category","embeddable":true,"href":"https:\/\/lavereda.com.mx\/index.php\/wp-json\/wp\/v2\/categories?post=5304"},{"taxonomy":"post_tag","embeddable":true,"href":"https:\/\/lavereda.com.mx\/index.php\/wp-json\/wp\/v2\/tags?post=5304"}],"curies":[{"name":"wp","href":"https:\/\/api.w.org\/{rel}","templated":true}]}}