{"id":5301,"date":"2023-07-30T18:20:18","date_gmt":"2023-07-30T18:20:18","guid":{"rendered":"http:\/\/lavereda.com.mx\/?p=5301"},"modified":"2023-07-30T18:20:39","modified_gmt":"2023-07-30T18:20:39","slug":"el-pacto-2023","status":"publish","type":"post","link":"https:\/\/lavereda.com.mx\/index.php\/2023\/07\/30\/el-pacto-2023\/","title":{"rendered":"El Pacto (2023)"},"content":{"rendered":"\n<p><strong>Guy Ritchie\u2019s The Covenant, 2023<\/strong><\/p>\n\n\n\n<p>Amazon Prime Video<\/p>\n\n\n\n<p>El maestro Guy Ritchie vuelve a la direcci\u00f3n con una inquietante exploraci\u00f3n sobre las reacciones del ser humano frente a la violencia, en una historia de un soldado de Estados Unidos (Jake Gyllenhaal) en Afganist\u00e1n, que es ayudado por un int\u00e9rprete (Dar Salim), que se convierte en combatiente y su salvador, cuando quedan bajo fuego.<\/p>\n\n\n\n<p>Luego de regresar a casa, el sargento se da cuenta de que los jefes no le consiguieron la visa que el afgano iba a recibir, a cambio de sus servicios her\u00f3icos, lo que lo convierte en un hombre perseguido por el r\u00e9gimen taliban que buscar\u00e1 darles muerte a \u00e9l y a sus familiares.<\/p>\n\n\n\n<p>Para pagar su deuda con su amigo, el militar regresa a la zona de conflicto y arriesga su vida para ayudar a quien en el pasado lo dio todo para rescatarlo.<\/p>\n\n\n\n<p>Con reminiscencias de El Francotirador, por eso de las promesas que se hacen en combate, Ritchie hace otra de sus obras trepidantes llena de acci\u00f3n y sentido humano.<\/p>\n\n\n\n<p>(R. Restringido; menores de 17 deben estar acompa\u00f1ados de sus padres)<\/p>\n\n\n\n<p>@LucianoCamposG<\/p>\n\n\n\n<figure class=\"wp-block-embed is-type-video is-provider-youtube wp-block-embed-youtube wp-embed-aspect-16-9 wp-has-aspect-ratio\"><div class=\"wp-block-embed__wrapper\">\n<iframe title=\"The Covenant (2023) - Tr\u00e1iler Subtitulado en Espa\u00f1ol\" width=\"1170\" height=\"658\" src=\"https:\/\/www.youtube.com\/embed\/FjvuUeo6cSg?feature=oembed\" frameborder=\"0\" allow=\"accelerometer; autoplay; clipboard-write; encrypted-media; gyroscope; picture-in-picture; web-share\" allowfullscreen><\/iframe>\n<\/div><\/figure>\n","protected":false},"excerpt":{"rendered":"<p>Guy Ritchie\u2019s The Covenant, 2023 Amazon Prime Video El maestro Guy Ritchie vuelve a la direcci\u00f3n con una inquietante exploraci\u00f3n sobre las reacciones del ser humano frente a la violencia, &hellip; <a href=\"https:\/\/lavereda.com.mx\/index.php\/2023\/07\/30\/el-pacto-2023\/\" class=\"more-link\">Leer m\u00e1s<\/a><\/p>\n","protected":false},"author":3,"featured_media":5302,"comment_status":"open","ping_status":"open","sticky":false,"template":"","format":"standard","meta":{"footnotes":""},"categories":[6,7],"tags":[],"class_list":["post-5301","post","type-post","status-publish","format-standard","has-post-thumbnail","hentry","category-cinetv","category-entretenimiento","entry"],"_links":{"self":[{"href":"https:\/\/lavereda.com.mx\/index.php\/wp-json\/wp\/v2\/posts\/5301","targetHints":{"allow":["GET"]}}],"collection":[{"href":"https:\/\/lavereda.com.mx\/index.php\/wp-json\/wp\/v2\/posts"}],"about":[{"href":"https:\/\/lavereda.com.mx\/index.php\/wp-json\/wp\/v2\/types\/post"}],"author":[{"embeddable":true,"href":"https:\/\/lavereda.com.mx\/index.php\/wp-json\/wp\/v2\/users\/3"}],"replies":[{"embeddable":true,"href":"https:\/\/lavereda.com.mx\/index.php\/wp-json\/wp\/v2\/comments?post=5301"}],"version-history":[{"count":1,"href":"https:\/\/lavereda.com.mx\/index.php\/wp-json\/wp\/v2\/posts\/5301\/revisions"}],"predecessor-version":[{"id":5303,"href":"https:\/\/lavereda.com.mx\/index.php\/wp-json\/wp\/v2\/posts\/5301\/revisions\/5303"}],"wp:featuredmedia":[{"embeddable":true,"href":"https:\/\/lavereda.com.mx\/index.php\/wp-json\/wp\/v2\/media\/5302"}],"wp:attachment":[{"href":"https:\/\/lavereda.com.mx\/index.php\/wp-json\/wp\/v2\/media?parent=5301"}],"wp:term":[{"taxonomy":"category","embeddable":true,"href":"https:\/\/lavereda.com.mx\/index.php\/wp-json\/wp\/v2\/categories?post=5301"},{"taxonomy":"post_tag","embeddable":true,"href":"https:\/\/lavereda.com.mx\/index.php\/wp-json\/wp\/v2\/tags?post=5301"}],"curies":[{"name":"wp","href":"https:\/\/api.w.org\/{rel}","templated":true}]}}