{"id":5298,"date":"2023-07-28T18:26:29","date_gmt":"2023-07-28T18:26:29","guid":{"rendered":"http:\/\/lavereda.com.mx\/?p=5298"},"modified":"2023-07-28T18:26:29","modified_gmt":"2023-07-28T18:26:29","slug":"preparan-primer-encuentro-de-teatro-para-ninas-y-ninos","status":"publish","type":"post","link":"https:\/\/lavereda.com.mx\/index.php\/2023\/07\/28\/preparan-primer-encuentro-de-teatro-para-ninas-y-ninos\/","title":{"rendered":"Preparan primer encuentro de teatro para ni\u00f1as y ni\u00f1os"},"content":{"rendered":"\n<p>La Est\u00e9tica Foro Esc\u00e9nico realizar\u00e1 actividades enfocadas a crear una agenda teatral para ni\u00f1os y ni\u00f1as en la comarca lagunera. Mesas de di\u00e1logo, funciones de teatro y talleres de capacitaci\u00f3n para creadores esc\u00e9nicos y p\u00fablico en general, ser\u00e1n las actividades a realizarse del 7 al 13 de agosto del presente a\u00f1o. El objetivo es contribuir al desarrollo sociocultural y art\u00edstico de la regi\u00f3n. La Est\u00e9tica genera, produce y promueve, proyectos art\u00edsticos y culturales en Torre\u00f3n, tanto por iniciativa propia, as\u00ed como en conjunto con diversos creadores esc\u00e9nicos.<\/p>\n\n\n\n<p>En su quehacer art\u00edstico y cultural, durante el a\u00f1o 2022, este espacio organiz\u00f3 de manera independiente el primer encuentro de mon\u00f3logos y fue sede de la 42 Muestra Nacional De Teatro, ha albergado tambi\u00e9n, programas como el Circuito Nacional de las Artes Esc\u00e9nicas del Centro Cultural Hel\u00e9nico y el Festival Nacional De Mon\u00f3logos 2023, es un espacio continuamente solicitado por creadores esc\u00e9nicos locales para el desarrollo de proyectos y presentaci\u00f3n de funciones de temporada.<\/p>\n\n\n\n<p>La agenda del Primer Encuentro de teatro para ni\u00f1as y ni\u00f1os en La Est\u00e9tica foro esc\u00e9nico, tendr\u00e1 las siguientes actividades:<\/p>\n\n\n\n<p><strong>Funciones de teatro:<\/strong><\/p>\n\n\n\n<p>Mi\u00e9rcoles 9 de Agosto\u00a0\u2013\u00a07:00 P. M.\u00a0\u201cLa tienda de Don\u00a0Verdi\u201d.<\/p>\n\n\n\n<p>Espect\u00e1culo unipersonal de Jos\u00e9 Palacios.<\/p>\n\n\n\n<p>Asociaci\u00f3n Cultural Rodas de Saltillo.<\/p>\n\n\n\n<p><\/p>\n\n\n\n<p>Jueves 10 de Agosto&nbsp;\u2013&nbsp;7:00 P. M.<\/p>\n\n\n\n<p>Cierre de curso de verano de La Est\u00e9tica foro esc\u00e9nico, presentando la nueva compa\u00f1\u00eda de teatro infantil TDArte.<\/p>\n\n\n\n<p><\/p>\n\n\n\n<p>S\u00e1bado 12 de Agosto &#8211; 7:00 P. M<\/p>\n\n\n\n<p>\u201cNEKO: el gato viajero\u201d&nbsp;de Enrique Olmos De Ita. Compa\u00f1\u00eda Amargo Teatro. Direcci\u00f3n: Tere Simental.<\/p>\n\n\n\n<p><\/p>\n\n\n\n<p>Domingo 13 de Agosto&nbsp;\u2013&nbsp;6:00 P. M.<\/p>\n\n\n\n<p>\u201cJaguar de luna\u201d&nbsp;de Ver\u00f3nica Maldonado. Compa\u00f1\u00eda A\u00fan Teatro. Direcci\u00f3n: Laura Borrego.<\/p>\n\n\n\n<p><\/p>\n\n\n\n<p>Asimismo habr\u00e1 diversos talleres para p\u00fablicos espec\u00edficos.<\/p>\n\n\n\n<p>Para preguntar por el costo de los boletos comunicarse al tel\u00e9fono 871 185 7607. El foro se ubica en Presidente Carranza 1965 oriente. Zona Centro.<\/p>\n","protected":false},"excerpt":{"rendered":"<p>La Est\u00e9tica Foro Esc\u00e9nico realizar\u00e1 actividades enfocadas a crear una agenda teatral para ni\u00f1os y ni\u00f1as en la comarca lagunera. Mesas de di\u00e1logo, funciones de teatro y talleres de capacitaci\u00f3n &hellip; <a href=\"https:\/\/lavereda.com.mx\/index.php\/2023\/07\/28\/preparan-primer-encuentro-de-teatro-para-ninas-y-ninos\/\" class=\"more-link\">Leer m\u00e1s<\/a><\/p>\n","protected":false},"author":9,"featured_media":5299,"comment_status":"open","ping_status":"open","sticky":false,"template":"","format":"standard","meta":{"footnotes":""},"categories":[3,10],"tags":[],"class_list":["post-5298","post","type-post","status-publish","format-standard","has-post-thumbnail","hentry","category-artes-visuales","category-la-vereda-infantil","entry"],"_links":{"self":[{"href":"https:\/\/lavereda.com.mx\/index.php\/wp-json\/wp\/v2\/posts\/5298","targetHints":{"allow":["GET"]}}],"collection":[{"href":"https:\/\/lavereda.com.mx\/index.php\/wp-json\/wp\/v2\/posts"}],"about":[{"href":"https:\/\/lavereda.com.mx\/index.php\/wp-json\/wp\/v2\/types\/post"}],"author":[{"embeddable":true,"href":"https:\/\/lavereda.com.mx\/index.php\/wp-json\/wp\/v2\/users\/9"}],"replies":[{"embeddable":true,"href":"https:\/\/lavereda.com.mx\/index.php\/wp-json\/wp\/v2\/comments?post=5298"}],"version-history":[{"count":1,"href":"https:\/\/lavereda.com.mx\/index.php\/wp-json\/wp\/v2\/posts\/5298\/revisions"}],"predecessor-version":[{"id":5300,"href":"https:\/\/lavereda.com.mx\/index.php\/wp-json\/wp\/v2\/posts\/5298\/revisions\/5300"}],"wp:featuredmedia":[{"embeddable":true,"href":"https:\/\/lavereda.com.mx\/index.php\/wp-json\/wp\/v2\/media\/5299"}],"wp:attachment":[{"href":"https:\/\/lavereda.com.mx\/index.php\/wp-json\/wp\/v2\/media?parent=5298"}],"wp:term":[{"taxonomy":"category","embeddable":true,"href":"https:\/\/lavereda.com.mx\/index.php\/wp-json\/wp\/v2\/categories?post=5298"},{"taxonomy":"post_tag","embeddable":true,"href":"https:\/\/lavereda.com.mx\/index.php\/wp-json\/wp\/v2\/tags?post=5298"}],"curies":[{"name":"wp","href":"https:\/\/api.w.org\/{rel}","templated":true}]}}