{"id":5292,"date":"2023-07-25T22:08:49","date_gmt":"2023-07-25T22:08:49","guid":{"rendered":"http:\/\/lavereda.com.mx\/?p=5292"},"modified":"2023-07-25T22:09:05","modified_gmt":"2023-07-25T22:09:05","slug":"ofrecen-beca-para-estudiar-artes-visuales","status":"publish","type":"post","link":"https:\/\/lavereda.com.mx\/index.php\/2023\/07\/25\/ofrecen-beca-para-estudiar-artes-visuales\/","title":{"rendered":"Ofrecen beca para estudiar artes visuales"},"content":{"rendered":"\n<p>El Centro de Artes del Norte (CAN) invita a artistas, entusiastas del arte y al p\u00fablico general, a participar para ganar una de las cuatro becas (una del 100% y 4 del 25%) que ofrece la instituci\u00f3n para estudiar uno de sus diplomados en artes visuales. <\/p>\n\n\n\n<p>El CAN cuenta con cinco diplomados: Artes Visuales, Exploraci\u00f3n de Medios, Iniciaci\u00f3n a las Artes, Fotograf\u00eda y Arte Digital. La convocatoria para la beca cierra el 2 de agosto y las clases dar\u00e1n inicio el 14 de agosto.<\/p>\n\n\n\n<p>\u00abEl CAN, es una escuela de artes visuales fundada y sostenida por artistas emergentes, de mediana carrera, as\u00ed como artistas consagrados de la Comarca Lagunera. Cuya misi\u00f3n es la de formar y profesionalizar Artistas Visuales con sensibilidad cultural, calificados para producir, interpretar, observar, examinar, entender, analizar y manipular objetos art\u00edsticos visuales con una amplia concepci\u00f3n hist\u00f3rica y social. Mediante la pr\u00e1ctica en diversos medios y t\u00e9cnicas tanto tradicionales como experimentales, con el objetivo de inferir en el crecimiento y desarrollo regional, nacional e internacional\u00bb, informaron los integrantes de esta instituci\u00f3n.<\/p>\n\n\n\n<p>Para pedir informes pueden acudir a las instalaciones de lunes a viernes de 5 a 9 Pm en Casa La Morelos (Av. Morelos 1340 Pte), una casona hist\u00f3rica antigua restaurada por la se\u00f1ora Josie Iriarte Reynoard, ubicada en la Zona del Centro Hist\u00f3rico de Torre\u00f3n. Tambi\u00e9n pueden contactar a trav\u00e9s del n\u00famero de WhatsApp 8714753837 o en  redes sociales FB: centro de artes del norte, IG: @centro.de.artes.del.norte<\/p>\n","protected":false},"excerpt":{"rendered":"<p>El Centro de Artes del Norte (CAN) invita a artistas, entusiastas del arte y al p\u00fablico general, a participar para ganar una de las cuatro becas (una del 100% y &hellip; <a href=\"https:\/\/lavereda.com.mx\/index.php\/2023\/07\/25\/ofrecen-beca-para-estudiar-artes-visuales\/\" class=\"more-link\">Leer m\u00e1s<\/a><\/p>\n","protected":false},"author":1,"featured_media":5293,"comment_status":"open","ping_status":"open","sticky":false,"template":"","format":"standard","meta":{"footnotes":""},"categories":[3,18],"tags":[62],"class_list":["post-5292","post","type-post","status-publish","format-standard","has-post-thumbnail","hentry","category-artes-visuales","category-lomasrelevante","tag-arte","entry"],"_links":{"self":[{"href":"https:\/\/lavereda.com.mx\/index.php\/wp-json\/wp\/v2\/posts\/5292","targetHints":{"allow":["GET"]}}],"collection":[{"href":"https:\/\/lavereda.com.mx\/index.php\/wp-json\/wp\/v2\/posts"}],"about":[{"href":"https:\/\/lavereda.com.mx\/index.php\/wp-json\/wp\/v2\/types\/post"}],"author":[{"embeddable":true,"href":"https:\/\/lavereda.com.mx\/index.php\/wp-json\/wp\/v2\/users\/1"}],"replies":[{"embeddable":true,"href":"https:\/\/lavereda.com.mx\/index.php\/wp-json\/wp\/v2\/comments?post=5292"}],"version-history":[{"count":1,"href":"https:\/\/lavereda.com.mx\/index.php\/wp-json\/wp\/v2\/posts\/5292\/revisions"}],"predecessor-version":[{"id":5294,"href":"https:\/\/lavereda.com.mx\/index.php\/wp-json\/wp\/v2\/posts\/5292\/revisions\/5294"}],"wp:featuredmedia":[{"embeddable":true,"href":"https:\/\/lavereda.com.mx\/index.php\/wp-json\/wp\/v2\/media\/5293"}],"wp:attachment":[{"href":"https:\/\/lavereda.com.mx\/index.php\/wp-json\/wp\/v2\/media?parent=5292"}],"wp:term":[{"taxonomy":"category","embeddable":true,"href":"https:\/\/lavereda.com.mx\/index.php\/wp-json\/wp\/v2\/categories?post=5292"},{"taxonomy":"post_tag","embeddable":true,"href":"https:\/\/lavereda.com.mx\/index.php\/wp-json\/wp\/v2\/tags?post=5292"}],"curies":[{"name":"wp","href":"https:\/\/api.w.org\/{rel}","templated":true}]}}