{"id":5285,"date":"2023-07-24T00:35:36","date_gmt":"2023-07-24T00:35:36","guid":{"rendered":"http:\/\/lavereda.com.mx\/?p=5285"},"modified":"2023-07-24T00:35:42","modified_gmt":"2023-07-24T00:35:42","slug":"bird-box","status":"publish","type":"post","link":"https:\/\/lavereda.com.mx\/index.php\/2023\/07\/24\/bird-box\/","title":{"rendered":"Bird Box"},"content":{"rendered":"\n<p>Bird Box, 2018<\/p>\n\n\n\n<p>Netflix<\/p>\n\n\n\n<p>En el futuro, la humanidad es diezmada por una extra\u00f1a epidemia de origen impreciso. Las personas que abren los ojos en exteriores enloquecen y sienten el impulso de matarse.<\/p>\n\n\n\n<p>En este ambiente de desolaci\u00f3n, una madre (Sandra Bullock) debe llevar a sus dos ni\u00f1os peque\u00f1os en una traves\u00eda peligrosa por un r\u00edo con r\u00e1pidos, hacia un lugar seguro. Mientras enfrenta peligros que desaf\u00edan su capacidad f\u00edsica y mental, se van narrando, en retrospectiva, c\u00f3mo lleg\u00f3 a ese punto para emprender el recorrido n\u00e1utico. No es f\u00e1cil enfrentar, con ojos vendados, a la naturaleza y a lun\u00e1ticos que anda sueltos.<\/p>\n\n\n\n<p>La directora Susan Bier crea una cinta apocal\u00edptica impactante, en la que no hay forma de conocer de qu\u00e9 lado de encuentra la gente, qui\u00e9n est\u00e1 infectado y qui\u00e9n es inmune, quien quiere matar y quien es verdadero amigo. Es como en la sociedad actual, en la que la sociedad se encuentra polarizada y es dif\u00edcil entender cu\u00e1l es el lado correcto de la historia.<\/p>\n\n\n\n<p>La cinta tiene numerosas situaciones al l\u00edmite, con una an\u00e9cdota excelentemente elaborada y bien contada, por una de las grandes directoras de la actualidad.<\/p>\n\n\n\n<p>Muy interesante.<\/p>\n\n\n\n<p>(R. Restringido; menores de 17 deben estar acompa\u00f1ados de sus padres)<\/p>\n\n\n\n<p>@LucianoCamposG<\/p>\n\n\n\n<figure class=\"wp-block-embed is-type-video is-provider-youtube wp-block-embed-youtube wp-embed-aspect-16-9 wp-has-aspect-ratio\"><div class=\"wp-block-embed__wrapper\">\n<iframe title=\"Bird Box: A ciegas | Tr\u00e1iler oficial | Netflix\" width=\"1170\" height=\"658\" src=\"https:\/\/www.youtube.com\/embed\/UAeZdEQxWt4?feature=oembed\" frameborder=\"0\" allow=\"accelerometer; autoplay; clipboard-write; encrypted-media; gyroscope; picture-in-picture; web-share\" allowfullscreen><\/iframe>\n<\/div><\/figure>\n","protected":false},"excerpt":{"rendered":"<p>Bird Box, 2018 Netflix En el futuro, la humanidad es diezmada por una extra\u00f1a epidemia de origen impreciso. Las personas que abren los ojos en exteriores enloquecen y sienten el &hellip; <a href=\"https:\/\/lavereda.com.mx\/index.php\/2023\/07\/24\/bird-box\/\" class=\"more-link\">Leer m\u00e1s<\/a><\/p>\n","protected":false},"author":3,"featured_media":5286,"comment_status":"open","ping_status":"open","sticky":false,"template":"","format":"standard","meta":{"footnotes":""},"categories":[6,7],"tags":[40],"class_list":["post-5285","post","type-post","status-publish","format-standard","has-post-thumbnail","hentry","category-cinetv","category-entretenimiento","tag-cine","entry"],"_links":{"self":[{"href":"https:\/\/lavereda.com.mx\/index.php\/wp-json\/wp\/v2\/posts\/5285","targetHints":{"allow":["GET"]}}],"collection":[{"href":"https:\/\/lavereda.com.mx\/index.php\/wp-json\/wp\/v2\/posts"}],"about":[{"href":"https:\/\/lavereda.com.mx\/index.php\/wp-json\/wp\/v2\/types\/post"}],"author":[{"embeddable":true,"href":"https:\/\/lavereda.com.mx\/index.php\/wp-json\/wp\/v2\/users\/3"}],"replies":[{"embeddable":true,"href":"https:\/\/lavereda.com.mx\/index.php\/wp-json\/wp\/v2\/comments?post=5285"}],"version-history":[{"count":1,"href":"https:\/\/lavereda.com.mx\/index.php\/wp-json\/wp\/v2\/posts\/5285\/revisions"}],"predecessor-version":[{"id":5287,"href":"https:\/\/lavereda.com.mx\/index.php\/wp-json\/wp\/v2\/posts\/5285\/revisions\/5287"}],"wp:featuredmedia":[{"embeddable":true,"href":"https:\/\/lavereda.com.mx\/index.php\/wp-json\/wp\/v2\/media\/5286"}],"wp:attachment":[{"href":"https:\/\/lavereda.com.mx\/index.php\/wp-json\/wp\/v2\/media?parent=5285"}],"wp:term":[{"taxonomy":"category","embeddable":true,"href":"https:\/\/lavereda.com.mx\/index.php\/wp-json\/wp\/v2\/categories?post=5285"},{"taxonomy":"post_tag","embeddable":true,"href":"https:\/\/lavereda.com.mx\/index.php\/wp-json\/wp\/v2\/tags?post=5285"}],"curies":[{"name":"wp","href":"https:\/\/api.w.org\/{rel}","templated":true}]}}