{"id":5278,"date":"2023-07-21T21:35:30","date_gmt":"2023-07-21T21:35:30","guid":{"rendered":"http:\/\/lavereda.com.mx\/?p=5278"},"modified":"2023-07-21T21:38:38","modified_gmt":"2023-07-21T21:38:38","slug":"paco-ignacio-taibo-ii-ofrecera-conferencia-sobre-villa-en-torreon","status":"publish","type":"post","link":"https:\/\/lavereda.com.mx\/index.php\/2023\/07\/21\/paco-ignacio-taibo-ii-ofrecera-conferencia-sobre-villa-en-torreon\/","title":{"rendered":"Paco Ignacio Taibo II ofrecer\u00e1 conferencia sobre Villa en Torre\u00f3n"},"content":{"rendered":"\n<p>El historiador y escritor Paco Ignacio Taibo II, estar\u00e1 en esta ciudad el pr\u00f3ximo s\u00e1bado 22 de julio para dictar una conferencia sobre Pancho Villa en el marco del centenario de su fallecimiento. El director del Fondo de Cultura Econ\u00f3mica, estar\u00e1 acompa\u00f1ado de los historiadores Pedro Salmer\u00f3n y Jes\u00fas Vargas.<\/p>\n\n\n\n<p>La cita es en el auditorio del Museo Regional de La Laguna (Murel) a las 12:00 horas, al finalizar la pl\u00e1tica, el p\u00fablico podr\u00e1 interactuar con los historiadores y solicitar firma de aut\u00f3grafos en libros de su autor\u00eda.<\/p>\n\n\n\n<p>En entrevista, Paco Ignacio Taibo II coment\u00f3 que se buscar rescatar el lado de la fuerte conciencia social del caudillo de la revoluci\u00f3n:<\/p>\n\n\n\n<p>\u201cMe quedo con el rostro de la admiraci\u00f3n, no el balde, escrib\u00ed un libro de 1000 p\u00e1ginas tratando de ir al fondo de las leyendas las an\u00e9cdotas, pero tambi\u00e9n estudi\u00e9 as leyendas negras, calumnias, injurias, cuando intentan quitar su nombre de la c\u00e1mara de diputados, cuando lo acusan de alcoh\u00f3lico en el cine norteamericano, cuando todo mundo sabe que era abstemio. Es parte de escribir una imagen hist\u00f3rica coherente, de un hombre que fue bandolero los primeros 15 a\u00f1os de su vida activa\u201d.<\/p>\n\n\n\n<p>Durante su visita a esta ciudad, el escritor se\u00f1al\u00f3 que se hablar\u00e1 sobre la Batalla de Torre\u00f3n:<\/p>\n\n\n\n<p>\u201cVamos a contarla bien, porque es la batalla m\u00e1s importante del mundo, de ej\u00e9rcitos confrontados, violencia y duraci\u00f3n.&nbsp;<\/p>\n\n\n\n<p>Tambi\u00e9n vamos a rescatar su campa\u00f1a como formador de escuelas en Chihuahua, al mismo tiempo abrir debates. Somos muy villistas, pero tambi\u00e9n somos historiadores serios que hemos estudiado a fondo al personaje\u201d, destac\u00f3.<\/p>\n","protected":false},"excerpt":{"rendered":"<p>El historiador y escritor Paco Ignacio Taibo II, estar\u00e1 en esta ciudad el pr\u00f3ximo s\u00e1bado 22 de julio para dictar una conferencia sobre Pancho Villa en el marco del centenario &hellip; <a href=\"https:\/\/lavereda.com.mx\/index.php\/2023\/07\/21\/paco-ignacio-taibo-ii-ofrecera-conferencia-sobre-villa-en-torreon\/\" class=\"more-link\">Leer m\u00e1s<\/a><\/p>\n","protected":false},"author":9,"featured_media":5279,"comment_status":"open","ping_status":"open","sticky":false,"template":"","format":"standard","meta":{"footnotes":""},"categories":[1],"tags":[],"class_list":["post-5278","post","type-post","status-publish","format-standard","has-post-thumbnail","hentry","category-uncategorized","entry"],"_links":{"self":[{"href":"https:\/\/lavereda.com.mx\/index.php\/wp-json\/wp\/v2\/posts\/5278","targetHints":{"allow":["GET"]}}],"collection":[{"href":"https:\/\/lavereda.com.mx\/index.php\/wp-json\/wp\/v2\/posts"}],"about":[{"href":"https:\/\/lavereda.com.mx\/index.php\/wp-json\/wp\/v2\/types\/post"}],"author":[{"embeddable":true,"href":"https:\/\/lavereda.com.mx\/index.php\/wp-json\/wp\/v2\/users\/9"}],"replies":[{"embeddable":true,"href":"https:\/\/lavereda.com.mx\/index.php\/wp-json\/wp\/v2\/comments?post=5278"}],"version-history":[{"count":2,"href":"https:\/\/lavereda.com.mx\/index.php\/wp-json\/wp\/v2\/posts\/5278\/revisions"}],"predecessor-version":[{"id":5281,"href":"https:\/\/lavereda.com.mx\/index.php\/wp-json\/wp\/v2\/posts\/5278\/revisions\/5281"}],"wp:featuredmedia":[{"embeddable":true,"href":"https:\/\/lavereda.com.mx\/index.php\/wp-json\/wp\/v2\/media\/5279"}],"wp:attachment":[{"href":"https:\/\/lavereda.com.mx\/index.php\/wp-json\/wp\/v2\/media?parent=5278"}],"wp:term":[{"taxonomy":"category","embeddable":true,"href":"https:\/\/lavereda.com.mx\/index.php\/wp-json\/wp\/v2\/categories?post=5278"},{"taxonomy":"post_tag","embeddable":true,"href":"https:\/\/lavereda.com.mx\/index.php\/wp-json\/wp\/v2\/tags?post=5278"}],"curies":[{"name":"wp","href":"https:\/\/api.w.org\/{rel}","templated":true}]}}