{"id":5276,"date":"2023-07-18T20:51:43","date_gmt":"2023-07-18T20:51:43","guid":{"rendered":"http:\/\/lavereda.com.mx\/?p=5276"},"modified":"2023-07-19T16:33:13","modified_gmt":"2023-07-19T16:33:13","slug":"anuncian-programa-de-la-muestra-estatal-de-teatro-en-coahuila","status":"publish","type":"post","link":"https:\/\/lavereda.com.mx\/index.php\/2023\/07\/18\/anuncian-programa-de-la-muestra-estatal-de-teatro-en-coahuila\/","title":{"rendered":"Anuncian programa de la Muestra Estatal de Teatro en Coahuila"},"content":{"rendered":"\n<p>La Secretar\u00eda de Cultura (SC), dio a conocer el programa de la Muestra Estatal de Teatro (MET), que se llevar\u00e1 a cabo en Saltillo del 9 al 19 de agosto pr\u00f3ximos, con presencia de dos compa\u00f1\u00edas de Torre\u00f3n.<\/p>\n\n\n\n<p>Ana Sof\u00eda Garc\u00eda Camil, Secretaria de Cultura, inform\u00f3: \u201cEstamos muy contentos de realizar por octavo a\u00f1o consecutivo la MET, que en esta ocasi\u00f3n recibi\u00f3 24 propuestas de todo el estado, quedando 8 seleccionadas, que formar\u00e1n parte del programa de la muestra\u201d.<\/p>\n\n\n\n<p>Dentro de su programa se tendr\u00e1n 12 actividades, divididas en ocho funciones, dos talleres (uno en Saltillo, de Biodrama, impartido por Sayuri Navarro, y otro en Torre\u00f3n, de Marketing Cultural, con Aida Andrade), adem\u00e1s se contar\u00e1 con una exposici\u00f3n y el Laboratorio de Creaci\u00f3n Coahuila.&nbsp;<\/p>\n\n\n\n<p>\u201cComo se recordar\u00e1, las compa\u00f1\u00edas seleccionadas recibir\u00e1n 12 mil pesos cada una para los gastos que genere la presentaci\u00f3n de cada obra el d\u00eda de su funci\u00f3n.<\/p>\n\n\n\n<p>\u201cLa MET se realiza de forma consecutiva desde 2016 (8 a\u00f1os); se han tenido como sedes Saltillo y Torre\u00f3n, y en ellas se han presentado 67 puestas en escena, 9 talleres, beneficiando a m\u00e1s de 20 mil personas\u201d, se\u00f1al\u00f3 Jos\u00e9 Luis Rodr\u00edguez Sena, Director de Desarrollo Cultural de la SC.<\/p>\n\n\n\n<p>Para iniciar, se tendr\u00e1n los talleres \u201cEstrategias de marketing para proyectos esc\u00e9nicos\u201d, en el Museo del Algod\u00f3n, de Torre\u00f3n; y el taller de \u201cDirecci\u00f3n esc\u00e9nica enfocada en las nuevas teatralidades (Taller de Biodrama: Teatro de la vida), en la Casa La Besana, en Saltillo, ambos del mi\u00e9rcoles 9 de agosto al s\u00e1bado 12 de agosto, de las 16:0 0 a las 20:00 horas, sin costo; para mayores informes e inscripciones se deber\u00e1 escribir un correo a&nbsp;<a href=\"mailto:festivalesculturacoahuila@gmail.com\" target=\"_blank\" rel=\"noreferrer noopener\">festivalesculturacoahuila@gmail.com<\/a><\/p>\n\n\n\n<p>Por la noche del pr\u00f3ximo 9 de agosto, a las 20:00 horas, en la Casa La Besana, en Saltillo, se tendr\u00e1 la inauguraci\u00f3n de la Exposici\u00f3n CronoMETr\u00eda. Retrospectiva de vestuarios, objetos y material de la Muestra Estatal de Teatro 2016 a 2022.<\/p>\n\n\n\n<p>Posteriormente, el d\u00eda 15 de agosto se presenta \u201cDesterritorios\u201d, a cargo del Laboratorio de Creaci\u00f3n Coahuila, a las19:00 horas en el Museo de la Revoluci\u00f3n, y Desmontaje, a las 20:00 horas en Casa La Besana.<\/p>\n\n\n\n<p>Las presentaciones de las obras seleccionadas inician el d\u00eda 16 de agosto con \u201cLa Furia De Nicolas\u201d, direcci\u00f3n de Detestable Teatro, direcci\u00f3n Arnulfo Ezequiel Reveles Contreras, de Torre\u00f3n, en el Teatro de C\u00e1mara \u201cJes\u00fas Valdez\u201d.&nbsp;<\/p>\n\n\n\n<p>Posteriormente, a las 20:00 horas se presentar\u00e1 la compa\u00f1\u00eda Luz del Norte, con la puesta en escena \u201cQue Dios Reparta Suerte\u201d, direcci\u00f3n de Claudia Mabel Garza Blackaller, en Saltillo, en el Teatro \u201cFernando Soler\u201d.<\/p>\n\n\n\n<p>El 17 de agosto, la compa\u00f1\u00eda A Coraz\u00f3n Abierto presenta \u201cLas penas saben nadar\u201d, direcci\u00f3n de Sandra Gonz\u00e1lez F\u00e9lix, de Saltillo, a las 18:00 horas en el Teatro de C\u00e1mara \u201cJes\u00fas Valdez\u201d; a las 20:00 horas se presenta Compa\u00f1\u00eda Cuarta Pared, en colaboraci\u00f3n con Colectivo Teatral Pico de Pato, con la puesta en escena \u201cLos gatos me vieron huir\u201d, dirigida por Jorge Armando S\u00e1nchez Tenorio, de Saltillo, en el Teatro \u201cFernando Soler\u201d.<\/p>\n\n\n\n<p>Para el 18 de julio, Aun Teatro, con la obra \u201cJaguar de Luna\u201d, direcci\u00f3n de Laura Cecilia Borrego Valenciana, de Torre\u00f3n, a las 18:00 horas en el Teatro de C\u00e1mara \u201cJes\u00fas Valdez\u201d, y Colectivo Imaginante Teatro, con \u201cLo que queda de nosotros\u201d, dirigida por Iv\u00e1n Guadalupe del Toro Torres, de Torre\u00f3n, a las 20:00 horas en el Teatro Soler.<\/p>\n\n\n\n<p>Por \u00faltimo, el 19 de agosto se presentan la Compa\u00f1\u00eda Origen Teatro, con \u201cLas criadas\u201d, dirigida por Martha Leticia Matamoros Cazares, de Saltillo, a las 18:00 horas en el Teatro de C\u00e1mara \u201cJes\u00fas Valdez\u201d y la Compa\u00f1\u00eda Diferente: Un Nuevo Musical con la obra \u201cDiferente: Un nuevo musical\u201d, direcci\u00f3n de Rodolfo Mart\u00ednez Padilla, de Torre\u00f3n, a las 20:00 horas en el Teatro Soler.<\/p>\n","protected":false},"excerpt":{"rendered":"<p>La Secretar\u00eda de Cultura (SC), dio a conocer el programa de la Muestra Estatal de Teatro (MET), que se llevar\u00e1 a cabo en Saltillo del 9 al 19 de agosto &hellip; <a href=\"https:\/\/lavereda.com.mx\/index.php\/2023\/07\/18\/anuncian-programa-de-la-muestra-estatal-de-teatro-en-coahuila\/\" class=\"more-link\">Leer m\u00e1s<\/a><\/p>\n","protected":false},"author":1,"featured_media":819,"comment_status":"open","ping_status":"open","sticky":false,"template":"","format":"standard","meta":{"footnotes":""},"categories":[2,18],"tags":[36],"class_list":["post-5276","post","type-post","status-publish","format-standard","has-post-thumbnail","hentry","category-artes-escenicas","category-lomasrelevante","tag-teatro","entry"],"_links":{"self":[{"href":"https:\/\/lavereda.com.mx\/index.php\/wp-json\/wp\/v2\/posts\/5276","targetHints":{"allow":["GET"]}}],"collection":[{"href":"https:\/\/lavereda.com.mx\/index.php\/wp-json\/wp\/v2\/posts"}],"about":[{"href":"https:\/\/lavereda.com.mx\/index.php\/wp-json\/wp\/v2\/types\/post"}],"author":[{"embeddable":true,"href":"https:\/\/lavereda.com.mx\/index.php\/wp-json\/wp\/v2\/users\/1"}],"replies":[{"embeddable":true,"href":"https:\/\/lavereda.com.mx\/index.php\/wp-json\/wp\/v2\/comments?post=5276"}],"version-history":[{"count":1,"href":"https:\/\/lavereda.com.mx\/index.php\/wp-json\/wp\/v2\/posts\/5276\/revisions"}],"predecessor-version":[{"id":5277,"href":"https:\/\/lavereda.com.mx\/index.php\/wp-json\/wp\/v2\/posts\/5276\/revisions\/5277"}],"wp:featuredmedia":[{"embeddable":true,"href":"https:\/\/lavereda.com.mx\/index.php\/wp-json\/wp\/v2\/media\/819"}],"wp:attachment":[{"href":"https:\/\/lavereda.com.mx\/index.php\/wp-json\/wp\/v2\/media?parent=5276"}],"wp:term":[{"taxonomy":"category","embeddable":true,"href":"https:\/\/lavereda.com.mx\/index.php\/wp-json\/wp\/v2\/categories?post=5276"},{"taxonomy":"post_tag","embeddable":true,"href":"https:\/\/lavereda.com.mx\/index.php\/wp-json\/wp\/v2\/tags?post=5276"}],"curies":[{"name":"wp","href":"https:\/\/api.w.org\/{rel}","templated":true}]}}