{"id":5261,"date":"2023-07-13T21:14:40","date_gmt":"2023-07-13T21:14:40","guid":{"rendered":"http:\/\/lavereda.com.mx\/?p=5261"},"modified":"2023-07-13T21:14:52","modified_gmt":"2023-07-13T21:14:52","slug":"el-festival-de-monologos-teatro-a-una-sola-voz-llega-a-la-laguna","status":"publish","type":"post","link":"https:\/\/lavereda.com.mx\/index.php\/2023\/07\/13\/el-festival-de-monologos-teatro-a-una-sola-voz-llega-a-la-laguna\/","title":{"rendered":"El Festival de Mon\u00f3logos Teatro a una sola voz llega a La Laguna"},"content":{"rendered":"\n<p>Con la finalidad de promover la creaci\u00f3n teatral en La Laguna y en M\u00e9xico, la Secretar\u00eda de Cultura (SC) de Coahuila, la Coordinaci\u00f3n Nacional de Teatro y la Asociaci\u00f3n Cultural Rodas, en coordinaci\u00f3n con los municipios de Parras y Torre\u00f3n, presentan el Festival de Mon\u00f3logos Coahuila y la 18 Edici\u00f3n de Teatro a Una Sola Voz, del 27 de julio al 3 de agosto.<\/p>\n\n\n\n<p>Las obras se escenificar\u00e1n en los municipios de Torre\u00f3n y Parras: \u201cLa intenci\u00f3n de este festival es beneficiar a la comunidad teatral y al p\u00fablico, que disfrutar\u00e1 de estas puestas en escena, adem\u00e1s de resaltar el trabajo coordinado con los municipios de Parras y Torre\u00f3n para llevar las puestas en escena a m\u00e1s personas\u201d, declar\u00f3 Ana Sof\u00eda Garc\u00eda Camil, titular de cultura en el Estado.<\/p>\n\n\n\n<p>\u201cCon 9 funciones, una conferencia y una exposici\u00f3n el XXVII Festival de Mon\u00f3logos Coahuila 2023, y el 18 Festival Nacional Teatro a Una Sola Voz, se desarrollar\u00e1n en Coahuila\u201d, subray\u00f3 Garc\u00eda Camil.<\/p>\n\n\n\n<p>En su momento, el Coordinador Nacional de Teatro, Daniel Miranda, dijo sentirse contento de que se pueda llevar a cabo, porque es \u00fanico.<\/p>\n\n\n\n<p>\u201cAplaudimos y abrazamos la descentralizaci\u00f3n, el que pueda estar en Parras es \u00fanico y, les platico, que de entre 200 proyectos se eligieron 14 para estar en Coahuila\u201d, detall\u00f3.<\/p>\n\n\n\n<p>Antonio M\u00e9ndez Vigat\u00e1, Director del Instituto Municipal de Cultura y Educaci\u00f3n, coment\u00f3 que la idea es tambi\u00e9n darle continuidad a lo hecho el a\u00f1o pasado. En este mismo sentido, en esta ciudad se presentar\u00e1n cuatro obras.<\/p>\n\n\n\n<p>En su momento, Rosa del Tepeyac, Directora de Cultura de Parras, coment\u00f3 que la cultura une y que espera que estas muestras motiven al talento local.<\/p>\n\n\n\n<p><strong>PROGRAMA<\/strong><\/p>\n\n\n\n<p>Para dar inicio a la fiesta del Teatro Unipersonal, el d\u00eda 27 de julio a las 20:00 horas se tendr\u00e1 la presentaci\u00f3n de \u201cCangrejo y yo. Parodia interestelar de seres medio vivos o medio muertos\u201d, de Georgina Arriola y Andr\u00f3meda Mej\u00eda Loza, con direcci\u00f3n de Andr\u00f3meda Mej\u00eda e interpretaci\u00f3n de Georgina Arriola, mon\u00f3logo de Guanajuato.<\/p>\n\n\n\n<p>El 28 de julio a las 20:00 horas, \u201cTibur\u00f3n\u201d, obra escrita y actuada por Gabino Rodr\u00edguez.<\/p>\n\n\n\n<p>\u201cZurdo (un vuelo)\u201d, de Sayuri Navarro y Francisco Mor\u00e1n, bajo la direcci\u00f3n Sayuri Navarro e interpretaci\u00f3n de Francisco Mor\u00e1n, de Ciudad de M\u00e9xico; ambos en el Teatro Isauro Mart\u00ednez.<\/p>\n\n\n\n<p>El 29 de julio a las 20:00 horas se presenta \u201cLengua Madre\u201d, autor\u00eda, direcci\u00f3n e interpretaci\u00f3n a cargo de Freddy Palomec Guzm\u00e1n, de Veracruz, en el Teatro del Instituto de M\u00fasica de Coahuila.<\/p>\n\n\n\n<p>Y para culminar, el circuito el 30 de julio a las 20:00 horas se tendr\u00e1 la presentaci\u00f3n de \u201cA lo mejor te encuentro\u201d, de Cruz Manuel Barrag\u00e1n Moreno, con direcci\u00f3n de Miguel Lugo e interpretaci\u00f3n de Erandi Rojas Ortiz, de Jalisco, en La Est\u00e9tica Foro Esc\u00e9nico.<\/p>\n\n\n\n<p>Todas las funciones son aptas para adolescentes y adultos y tendr\u00e1n un costo por entrada general de 50 pesos.<\/p>\n\n\n\n<p>En Parras, todas las actividades ser\u00e1n en el Teatro Ju\u00e1rez, con entrada libre, iniciando el 31 de julio a las 20:00 horas, con \u201cLa historia de S\u00e1, el hombre con la monta\u00f1a en el sombrero y mariposas en los zapatos\u201d, con autor\u00eda y direcci\u00f3n de Carolina Pimentel, y actuaci\u00f3n de Salom\u00f3n Santiago L, de Ciudad de M\u00e9xico, apto para adolescentes y adultos.<\/p>\n\n\n\n<p>Adem\u00e1s se inaugurar\u00e1 la exposici\u00f3n \u201cMon\u00f3logos\u201d de Fernando Moguel, en el lobby de este recinto.<\/p>\n\n\n\n<p>El 1 de agosto se presentar\u00e1 y \u201cZurdo (un vuelo)\u201d, de Sayuri Navarro y Francisco Mor\u00e1n, bajo la direcci\u00f3n Sayuri Navarro e interpretaci\u00f3n de Francisco Mor\u00e1n, de San Luis Potos\u00ed, apto para adolescentes y adultos, a las 20:00 horas.<\/p>\n\n\n\n<p>El d\u00eda 2 tenderemos la conferencia magistral \u201cDe la Muestra al festival\u201d, impartida por Jos\u00e9 Palacios, creador del Festival de Mon\u00f3logos Coahuila; y posteriormente a las 20:00 horas la presentaci\u00f3n de \u201cPor temor a que cantemos libres\u201d, de Felipe Rodr\u00edguez, bajo la direcci\u00f3n de Nora Manneck y actuaci\u00f3n de Lizeth Rondero, de Ciudad de M\u00e9xico; apto para adolescentes y adultos.<\/p>\n\n\n\n<p>Para terminar esta muestra de teatro unipersonal en Parras, el 3 de agosto se presentan los mon\u00f3logos coahuilenses \u201cA Volar\u201d, a las 13:00 horas, que es apta para primeras infancias, y \u201cSobre el da\u00f1o que hace el tabaco\u201d, apta para todo p\u00fablico, a las 20:00 horas.<\/p>\n\n\n\n<p>Para mayor informaci\u00f3n, los interesados pueden consultar<\/p>\n\n\n\n<p><a href=\"http:\/\/www.coahuilacultura.gob.mx\/\" target=\"_blank\" rel=\"noreferrer noopener\">www.coahuilacultura.gob.mx<\/a>&nbsp;y redes sociales de la SC&nbsp;&nbsp;@CulturaCoahuila<\/p>\n\n\n\n<p><\/p>\n","protected":false},"excerpt":{"rendered":"<p>Con la finalidad de promover la creaci\u00f3n teatral en La Laguna y en M\u00e9xico, la Secretar\u00eda de Cultura (SC) de Coahuila, la Coordinaci\u00f3n Nacional de Teatro y la Asociaci\u00f3n Cultural &hellip; <a href=\"https:\/\/lavereda.com.mx\/index.php\/2023\/07\/13\/el-festival-de-monologos-teatro-a-una-sola-voz-llega-a-la-laguna\/\" class=\"more-link\">Leer m\u00e1s<\/a><\/p>\n","protected":false},"author":9,"featured_media":5263,"comment_status":"open","ping_status":"open","sticky":false,"template":"","format":"standard","meta":{"footnotes":""},"categories":[2,18],"tags":[36],"class_list":["post-5261","post","type-post","status-publish","format-standard","has-post-thumbnail","hentry","category-artes-escenicas","category-lomasrelevante","tag-teatro","entry"],"_links":{"self":[{"href":"https:\/\/lavereda.com.mx\/index.php\/wp-json\/wp\/v2\/posts\/5261","targetHints":{"allow":["GET"]}}],"collection":[{"href":"https:\/\/lavereda.com.mx\/index.php\/wp-json\/wp\/v2\/posts"}],"about":[{"href":"https:\/\/lavereda.com.mx\/index.php\/wp-json\/wp\/v2\/types\/post"}],"author":[{"embeddable":true,"href":"https:\/\/lavereda.com.mx\/index.php\/wp-json\/wp\/v2\/users\/9"}],"replies":[{"embeddable":true,"href":"https:\/\/lavereda.com.mx\/index.php\/wp-json\/wp\/v2\/comments?post=5261"}],"version-history":[{"count":2,"href":"https:\/\/lavereda.com.mx\/index.php\/wp-json\/wp\/v2\/posts\/5261\/revisions"}],"predecessor-version":[{"id":5264,"href":"https:\/\/lavereda.com.mx\/index.php\/wp-json\/wp\/v2\/posts\/5261\/revisions\/5264"}],"wp:featuredmedia":[{"embeddable":true,"href":"https:\/\/lavereda.com.mx\/index.php\/wp-json\/wp\/v2\/media\/5263"}],"wp:attachment":[{"href":"https:\/\/lavereda.com.mx\/index.php\/wp-json\/wp\/v2\/media?parent=5261"}],"wp:term":[{"taxonomy":"category","embeddable":true,"href":"https:\/\/lavereda.com.mx\/index.php\/wp-json\/wp\/v2\/categories?post=5261"},{"taxonomy":"post_tag","embeddable":true,"href":"https:\/\/lavereda.com.mx\/index.php\/wp-json\/wp\/v2\/tags?post=5261"}],"curies":[{"name":"wp","href":"https:\/\/api.w.org\/{rel}","templated":true}]}}