{"id":5255,"date":"2023-07-09T00:53:00","date_gmt":"2023-07-09T00:53:00","guid":{"rendered":"http:\/\/lavereda.com.mx\/?p=5255"},"modified":"2023-07-09T00:53:03","modified_gmt":"2023-07-09T00:53:03","slug":"presentan-nueva-edicion-de-el-laberinto-de-la-soledad","status":"publish","type":"post","link":"https:\/\/lavereda.com.mx\/index.php\/2023\/07\/09\/presentan-nueva-edicion-de-el-laberinto-de-la-soledad\/","title":{"rendered":"Presentan nueva edici\u00f3n de El laberinto de la soledad"},"content":{"rendered":"\n<ul class=\"wp-block-list\"><li>\u00a0<strong>A m\u00e1s de medio siglo de su primera aparici\u00f3n, los escritores Jos\u00e9 Mar\u00eda Espinasa y Eduardo Langagne, comentaron la nueva edici\u00f3n del libro cl\u00e1sico de Octavio Paz.<\/strong><\/li><\/ul>\n\n\n\n<p>El pasado jueves la Casa Marie Jos\u00e9 y Octavio Paz fue el escenario para la presentaci\u00f3n de\u00a0<em>El laberinto de la soledad\u00a0<\/em>(Editorial S\u00e9lector, 2023), ensayo esencial escrito por el autor en 1950, en donde desarrolla el significado y el origen de la mexicanidad.<\/p>\n\n\n\n<p>Los poetas Eduardo Langagne y Jos\u00e9 Mar\u00eda Espinasa, moderados por el periodista cultural H\u00e9ctor Gonz\u00e1lez, abundaron en la importancia de esta obra ensay\u00edstica del Premio Nobel de Literatura 1990, as\u00ed como en su trascendencia dentro de la cultura mexicana y la literatura universal.&nbsp; La directora de la Casa Marie Jos\u00e9 y Octavio Paz, Leticia Luna Aguilar, dio la bienvenida y present\u00f3 el evento.<\/p>\n\n\n\n<p>Para el maestro en Letras Latinoamericanas por la Universidad Nacional Aut\u00f3noma de M\u00e9xico (UNAM) y ganador del Premio Nacional de Poes\u00eda Aguascalientes 1994, Eduardo Langagne, esta nueva edici\u00f3n de&nbsp;<em>El laberinto de la soledad<\/em>&nbsp;es de suma importancia en la literatura actual, pues \u201cabordar un libro desde un punto de vista editorial distinto, suma las posibilidades de lectura de un autor imprescindible\u201d, afirm\u00f3.<\/p>\n\n\n\n<p>El tambi\u00e9n director general de la Fundaci\u00f3n para las Letras Mexicanas record\u00f3 que, a partir de la publicaci\u00f3n de&nbsp;<em>El laberinto de la soledad,&nbsp;<\/em>Octavio Paz traz\u00f3 el inicio de una fruct\u00edfera carrera que lo defini\u00f3 como autor imprescindible dentro de la literatura mexicana y universal, al mismo tiempo que marc\u00f3 pauta en cuanto a la b\u00fasqueda cr\u00edtica de una identidad nacional.<\/p>\n\n\n\n<p>\u201cEstamos ante un primer libro imponente de Octavio Paz, quien es un autor fundamental nuestro. Leer sus libros, las propuestas que \u00e9l gener\u00f3 durante su vida creativa, nos hace valorar y comprender una obra que no solo est\u00e1 inserta en el mundo de habla hispana, sino que tiene presencia m\u00e1s all\u00e1 de las fronteras del idioma. Es un libro fundamental que explora de manera oportuna la identidad nacional, que era un tema importante desde la \u00e9poca de la Independencia\u201d, remarc\u00f3 el especialista.<\/p>\n\n\n\n<p>Jos\u00e9 Mar\u00eda Espinasa coment\u00f3: \u201c<em>El laberinto de la soledad<\/em>&nbsp;es el libro que Octavio Paz escribe lejos de M\u00e9xico para seguir vinculado con el pa\u00eds y con las reflexiones que se hac\u00edan en ese momento sobre nuestra identidad. La distancia le permiti\u00f3 mirar de otra manera esa condici\u00f3n de lo mexicano, y a la vez profundizar en ella desde la historia, el lenguaje y las costumbres. Cr\u00edtica de lugar y cr\u00edtica del tiempo; en ese libro Paz fundamenta su mirada sobre la realidad nacional y a trav\u00e9s de ella se vincula con toda su obra posterior\u201d.<\/p>\n\n\n\n<p>Finalmente, H\u00e9ctor Gonz\u00e1lez celebr\u00f3 la reedici\u00f3n por parte de Editorial S\u00e9lector, ya que permitir\u00e1 que la obra sea le\u00edda por las nuevas generaciones de j\u00f3venes.<\/p>\n\n\n\n<p>Octavio Paz es uno de los referentes literarios y culturales m\u00e1s importantes para la cultura mexicana contempor\u00e1nea. Poeta, ensayista y diplom\u00e1tico de amplia trayectoria, recibi\u00f3, entre otros galardones, el Premio Nobel de Literatura en 1990 y el Premio Cervantes en 1981.<\/p>\n\n\n\n<p>Desde muy joven, fund\u00f3 diversas publicaciones como&nbsp;<em>Barandal&nbsp;<\/em>(1931),&nbsp;<em>Taller<\/em>&nbsp;(1939),&nbsp;<em>El<\/em>&nbsp;<em>Hijo pr\u00f3digo<\/em>&nbsp;(1943) y&nbsp;<em>Vuelta<\/em>, edici\u00f3n que fund\u00f3 en 1976 y se public\u00f3 su \u00faltimo n\u00famero en agosto de 1998, cuatro meses despu\u00e9s del fallecimiento del poeta.<\/p>\n\n\n\n<p>Entre su obra po\u00e9tica y ensay\u00edstica, destacan t\u00edtulos como&nbsp;<em>Libertad bajo palabra<\/em>&nbsp;(Fondo de Cultura Econ\u00f3mica, 1960),&nbsp;<em>Blanco<\/em>&nbsp;(Joaqu\u00edn Mortiz, 1967),&nbsp;<em>El mono gram\u00e1tico<\/em>&nbsp;(Seix Barral, 1974),&nbsp;<em>Sor Juana In\u00e9s de la Cruz o las trampas de la fe&nbsp;<\/em>(Fondo de Cultura Econ\u00f3mica, 1982)&nbsp;<em>\u00c1rbol adentro<\/em>&nbsp;(Seix Barral, 1987) o&nbsp;<em>Vislumbres de la India<\/em>&nbsp;(Seix Barral, 1995).&nbsp;<\/p>\n\n\n\n<p>La presentaci\u00f3n de&nbsp;<em>El laberinto de la soledad&nbsp;<\/em>(Editorial S\u00e9lector, 2023), de Octavio Paz, se realiz\u00f3 el jueves 06 de julio de 2023, a las 18:00 horas, en la Casa Marie Jos\u00e9 y Octavio Paz, ubicada en Felipe Carrillo Puerto 445, colonia Tacuba, alcald\u00eda Miguel Hidalgo, Ciudad de M\u00e9xico; a 10 minutos de distancia, a pie, de dos estaciones del Sistema de Transporte Colectivo Metro: R\u00edo San Joaqu\u00edn, la primera, y Tacuba, la segunda. La entrada al recinto, as\u00ed como al resto de las actividades que conforman su programaci\u00f3n, es gratuita.<\/p>\n","protected":false},"excerpt":{"rendered":"<p>\u00a0A m\u00e1s de medio siglo de su primera aparici\u00f3n, los escritores Jos\u00e9 Mar\u00eda Espinasa y Eduardo Langagne, comentaron la nueva edici\u00f3n del libro cl\u00e1sico de Octavio Paz. El pasado jueves &hellip; <a href=\"https:\/\/lavereda.com.mx\/index.php\/2023\/07\/09\/presentan-nueva-edicion-de-el-laberinto-de-la-soledad\/\" class=\"more-link\">Leer m\u00e1s<\/a><\/p>\n","protected":false},"author":1,"featured_media":5256,"comment_status":"open","ping_status":"open","sticky":false,"template":"","format":"standard","meta":{"footnotes":""},"categories":[5,18],"tags":[32],"class_list":["post-5255","post","type-post","status-publish","format-standard","has-post-thumbnail","hentry","category-letras-y-libros","category-lomasrelevante","tag-literatura","entry"],"_links":{"self":[{"href":"https:\/\/lavereda.com.mx\/index.php\/wp-json\/wp\/v2\/posts\/5255","targetHints":{"allow":["GET"]}}],"collection":[{"href":"https:\/\/lavereda.com.mx\/index.php\/wp-json\/wp\/v2\/posts"}],"about":[{"href":"https:\/\/lavereda.com.mx\/index.php\/wp-json\/wp\/v2\/types\/post"}],"author":[{"embeddable":true,"href":"https:\/\/lavereda.com.mx\/index.php\/wp-json\/wp\/v2\/users\/1"}],"replies":[{"embeddable":true,"href":"https:\/\/lavereda.com.mx\/index.php\/wp-json\/wp\/v2\/comments?post=5255"}],"version-history":[{"count":1,"href":"https:\/\/lavereda.com.mx\/index.php\/wp-json\/wp\/v2\/posts\/5255\/revisions"}],"predecessor-version":[{"id":5257,"href":"https:\/\/lavereda.com.mx\/index.php\/wp-json\/wp\/v2\/posts\/5255\/revisions\/5257"}],"wp:featuredmedia":[{"embeddable":true,"href":"https:\/\/lavereda.com.mx\/index.php\/wp-json\/wp\/v2\/media\/5256"}],"wp:attachment":[{"href":"https:\/\/lavereda.com.mx\/index.php\/wp-json\/wp\/v2\/media?parent=5255"}],"wp:term":[{"taxonomy":"category","embeddable":true,"href":"https:\/\/lavereda.com.mx\/index.php\/wp-json\/wp\/v2\/categories?post=5255"},{"taxonomy":"post_tag","embeddable":true,"href":"https:\/\/lavereda.com.mx\/index.php\/wp-json\/wp\/v2\/tags?post=5255"}],"curies":[{"name":"wp","href":"https:\/\/api.w.org\/{rel}","templated":true}]}}