{"id":5252,"date":"2023-07-09T00:23:10","date_gmt":"2023-07-09T00:23:10","guid":{"rendered":"http:\/\/lavereda.com.mx\/?p=5252"},"modified":"2023-07-09T00:23:13","modified_gmt":"2023-07-09T00:23:13","slug":"el-poder-del-perro","status":"publish","type":"post","link":"https:\/\/lavereda.com.mx\/index.php\/2023\/07\/09\/el-poder-del-perro\/","title":{"rendered":"El poder del perro"},"content":{"rendered":"\n<p><strong>The Power of the Dog, 2021<\/strong><\/p>\n\n\n\n<p>Netflix<\/p>\n\n\n\n<p>La historia ocurre en Montana, en 1925. El rudo Phil (Benedict Cumberbatch), es un caporal que controla el rancho familiar con mano de hierro. Al hacer uso de un machismo t\u00f3xico, lentamente comienza a revelar sus intenciones secretas, y los impulsos que esconde detr\u00e1s de la violencia que ejerce en contra del debilucho adolescente Pete (Kodi Smit McPhee) el hijo de la prometida de su hermano, que llega a casa con la que ser\u00e1 su futura familia.<\/p>\n\n\n\n<p>La cinta es completamente emocional. Sin balazos, ni ri\u00f1as, ni persecuciones, convenciones del western, muestra el temple de un hombre lastimado en sus emociones por decisi\u00f3n propia. Phil necesita reprimir sus sentimientos para que los rudos cowboys con los que interact\u00faa no piensen que carece de car\u00e1cter.<\/p>\n\n\n\n<p>La acci\u00f3n se va desarrollando lenta y en medio de largos silencios. Los personajes se mantienen en tensi\u00f3n permanente, en un entorno en el que es muy dif\u00edcil entenderse por una deficiente comunicaci\u00f3n.<\/p>\n\n\n\n<p>Llegado el momento, se ajustan cuentas.<\/p>\n\n\n\n<p>La historia va dirigida a un p\u00fablico adulto que encontrar\u00e1 grandes satisfacciones al observar los detalles de la direcci\u00f3n de Jane Campion.<\/p>\n\n\n\n<p>(NC-17. No apto para menores de 18)<\/p>\n\n\n\n<p>@LucianoCamposG<\/p>\n\n\n\n<figure class=\"wp-block-embed is-type-video is-provider-youtube wp-block-embed-youtube wp-embed-aspect-16-9 wp-has-aspect-ratio\"><div class=\"wp-block-embed__wrapper\">\n<iframe title=\"THE POWER OF THE DOG Trailer (2021) SUBTITULADO [HD] El poder del perro (Benedict Cumberbatch)\" width=\"1170\" height=\"658\" src=\"https:\/\/www.youtube.com\/embed\/exuEorOt-00?feature=oembed\" frameborder=\"0\" allow=\"accelerometer; autoplay; clipboard-write; encrypted-media; gyroscope; picture-in-picture; web-share\" allowfullscreen><\/iframe>\n<\/div><\/figure>\n","protected":false},"excerpt":{"rendered":"<p>The Power of the Dog, 2021 Netflix La historia ocurre en Montana, en 1925. El rudo Phil (Benedict Cumberbatch), es un caporal que controla el rancho familiar con mano de &hellip; <a href=\"https:\/\/lavereda.com.mx\/index.php\/2023\/07\/09\/el-poder-del-perro\/\" class=\"more-link\">Leer m\u00e1s<\/a><\/p>\n","protected":false},"author":3,"featured_media":5253,"comment_status":"open","ping_status":"open","sticky":false,"template":"","format":"standard","meta":{"footnotes":""},"categories":[6,18],"tags":[40,56],"class_list":["post-5252","post","type-post","status-publish","format-standard","has-post-thumbnail","hentry","category-cinetv","category-lomasrelevante","tag-cine","tag-netflix","entry"],"_links":{"self":[{"href":"https:\/\/lavereda.com.mx\/index.php\/wp-json\/wp\/v2\/posts\/5252","targetHints":{"allow":["GET"]}}],"collection":[{"href":"https:\/\/lavereda.com.mx\/index.php\/wp-json\/wp\/v2\/posts"}],"about":[{"href":"https:\/\/lavereda.com.mx\/index.php\/wp-json\/wp\/v2\/types\/post"}],"author":[{"embeddable":true,"href":"https:\/\/lavereda.com.mx\/index.php\/wp-json\/wp\/v2\/users\/3"}],"replies":[{"embeddable":true,"href":"https:\/\/lavereda.com.mx\/index.php\/wp-json\/wp\/v2\/comments?post=5252"}],"version-history":[{"count":1,"href":"https:\/\/lavereda.com.mx\/index.php\/wp-json\/wp\/v2\/posts\/5252\/revisions"}],"predecessor-version":[{"id":5254,"href":"https:\/\/lavereda.com.mx\/index.php\/wp-json\/wp\/v2\/posts\/5252\/revisions\/5254"}],"wp:featuredmedia":[{"embeddable":true,"href":"https:\/\/lavereda.com.mx\/index.php\/wp-json\/wp\/v2\/media\/5253"}],"wp:attachment":[{"href":"https:\/\/lavereda.com.mx\/index.php\/wp-json\/wp\/v2\/media?parent=5252"}],"wp:term":[{"taxonomy":"category","embeddable":true,"href":"https:\/\/lavereda.com.mx\/index.php\/wp-json\/wp\/v2\/categories?post=5252"},{"taxonomy":"post_tag","embeddable":true,"href":"https:\/\/lavereda.com.mx\/index.php\/wp-json\/wp\/v2\/tags?post=5252"}],"curies":[{"name":"wp","href":"https:\/\/api.w.org\/{rel}","templated":true}]}}