{"id":5246,"date":"2023-07-05T19:54:41","date_gmt":"2023-07-05T19:54:41","guid":{"rendered":"http:\/\/lavereda.com.mx\/?p=5246"},"modified":"2023-07-05T19:54:44","modified_gmt":"2023-07-05T19:54:44","slug":"tenor-lagunero-presenta-homenaje-a-jose-alfredo-jimenez","status":"publish","type":"post","link":"https:\/\/lavereda.com.mx\/index.php\/2023\/07\/05\/tenor-lagunero-presenta-homenaje-a-jose-alfredo-jimenez\/","title":{"rendered":"Tenor lagunero presenta homenaje a Jos\u00e9 Alfredo Jim\u00e9nez"},"content":{"rendered":"\n<p>La m\u00fasica del inigualable compositor y cantante Jos\u00e9 Alfredo Jim\u00e9nez sonar\u00e1 el pr\u00f3ximo 20 de julio a as 20:00 horas en un concierto con causa, a beneficio del Pentatl\u00f3n VI Zona Coahuila, en el Teatro Isauro Mart\u00ednez.<\/p>\n\n\n\n<p>El p\u00fablico recordar\u00e1 al emblem\u00e1tico compositor, en la voz del tenor Bernardo Fierros, en el piano de la talentosa Mariana Chabukiani y en la genialidad musical del maestro Ra\u00fal J\u00e1quez en el requinto, acorde\u00f3n y guitarra.<\/p>\n\n\n\n<p>Tambi\u00e9n participar\u00e1 el trompetista Gerardo Santoyo y el quinteto Bohemio Chapingo. El cantante Bernardo Fierros dijo que este programa nos har\u00e1 vibrar y recordar el por qu\u00e9 Jos\u00e9 Alfredo fue unos de los compositores m\u00e1s prol\u00edficos de nuestra cultura mexicana.<\/p>\n\n\n\n<p>Coment\u00f3 que el beneficio de este evento ser\u00e1 destinado para el apoyo de los j\u00f3venes que van rumbo a la convenci\u00f3n nacional del pentatl\u00f3n en Ciudad de M\u00e9xico, representando a la VI Zona Coahuila.<\/p>\n\n\n\n<p>Los boletos est\u00e1n a la venta en la plataforma Newticket.<\/p>\n","protected":false},"excerpt":{"rendered":"<p>La m\u00fasica del inigualable compositor y cantante Jos\u00e9 Alfredo Jim\u00e9nez sonar\u00e1 el pr\u00f3ximo 20 de julio a as 20:00 horas en un concierto con causa, a beneficio del Pentatl\u00f3n VI &hellip; <a href=\"https:\/\/lavereda.com.mx\/index.php\/2023\/07\/05\/tenor-lagunero-presenta-homenaje-a-jose-alfredo-jimenez\/\" class=\"more-link\">Leer m\u00e1s<\/a><\/p>\n","protected":false},"author":9,"featured_media":5247,"comment_status":"open","ping_status":"open","sticky":false,"template":"","format":"standard","meta":{"footnotes":""},"categories":[18,4],"tags":[],"class_list":["post-5246","post","type-post","status-publish","format-standard","has-post-thumbnail","hentry","category-lomasrelevante","category-musica","entry"],"_links":{"self":[{"href":"https:\/\/lavereda.com.mx\/index.php\/wp-json\/wp\/v2\/posts\/5246","targetHints":{"allow":["GET"]}}],"collection":[{"href":"https:\/\/lavereda.com.mx\/index.php\/wp-json\/wp\/v2\/posts"}],"about":[{"href":"https:\/\/lavereda.com.mx\/index.php\/wp-json\/wp\/v2\/types\/post"}],"author":[{"embeddable":true,"href":"https:\/\/lavereda.com.mx\/index.php\/wp-json\/wp\/v2\/users\/9"}],"replies":[{"embeddable":true,"href":"https:\/\/lavereda.com.mx\/index.php\/wp-json\/wp\/v2\/comments?post=5246"}],"version-history":[{"count":1,"href":"https:\/\/lavereda.com.mx\/index.php\/wp-json\/wp\/v2\/posts\/5246\/revisions"}],"predecessor-version":[{"id":5248,"href":"https:\/\/lavereda.com.mx\/index.php\/wp-json\/wp\/v2\/posts\/5246\/revisions\/5248"}],"wp:featuredmedia":[{"embeddable":true,"href":"https:\/\/lavereda.com.mx\/index.php\/wp-json\/wp\/v2\/media\/5247"}],"wp:attachment":[{"href":"https:\/\/lavereda.com.mx\/index.php\/wp-json\/wp\/v2\/media?parent=5246"}],"wp:term":[{"taxonomy":"category","embeddable":true,"href":"https:\/\/lavereda.com.mx\/index.php\/wp-json\/wp\/v2\/categories?post=5246"},{"taxonomy":"post_tag","embeddable":true,"href":"https:\/\/lavereda.com.mx\/index.php\/wp-json\/wp\/v2\/tags?post=5246"}],"curies":[{"name":"wp","href":"https:\/\/api.w.org\/{rel}","templated":true}]}}