{"id":5241,"date":"2023-07-02T18:51:35","date_gmt":"2023-07-02T18:51:35","guid":{"rendered":"http:\/\/lavereda.com.mx\/?p=5241"},"modified":"2023-07-02T18:51:37","modified_gmt":"2023-07-02T18:51:37","slug":"black-mirror-beyond-sea-season-6-2023","status":"publish","type":"post","link":"https:\/\/lavereda.com.mx\/index.php\/2023\/07\/02\/black-mirror-beyond-sea-season-6-2023\/","title":{"rendered":"Black Mirror: Beyond sea (Season 6 2023)"},"content":{"rendered":"\n<p><strong>Netflix<\/strong><\/p>\n\n\n\n<p>Uno de los episodios m\u00e1s inquietantes de la serie, que cuestiona los adelantos de la tecnolog\u00eda que se revierte contra el ser humano.<\/p>\n\n\n\n<p>Es el a\u00f1o 1969 y dos astronautas, Cliff (Aaron Paul) y David (Josh Hartnett), est\u00e1n en el espacio exterior, a la mitad de una misi\u00f3n que les llevar\u00e1 a\u00f1os completar. Como \u00fanico consuelo a su traves\u00eda extenuante, tienen un sistema para interactuar con personas en la Tierra.<\/p>\n\n\n\n<p>Cuando ocurre una tragedia, el equilibrio que comparten de estabilidad emocional se rompe, y las formas de tratar de reestablecer la normalidad que ten\u00edan, hace que todo se convierta en una enorme situaci\u00f3n que los pone al l\u00edmite.<\/p>\n\n\n\n<p>Con un final inesperado y escalofriante, el episodio se refiere a las formas infinitas en que el uso de la ciencia para sustituir el orden natural, siempre encuentra una manera para afectar a las personas.<\/p>\n\n\n\n<p>Brillante e inquietante.<\/p>\n\n\n\n<p>(R. Restringido; menores de 17 deben estar acompa\u00f1ados de sus padres)<\/p>\n\n\n\n<p>@LucianoCamposG<\/p>\n\n\n\n<figure class=\"wp-block-embed is-type-video is-provider-youtube wp-block-embed-youtube wp-embed-aspect-16-9 wp-has-aspect-ratio\"><div class=\"wp-block-embed__wrapper\">\n<iframe title=\"Aaron Paul Takes Us On a Black Mirror Set Tour | Beyond The Sea | Netflix\" width=\"1170\" height=\"658\" src=\"https:\/\/www.youtube.com\/embed\/ZHqRztFFPk4?feature=oembed\" frameborder=\"0\" allow=\"accelerometer; autoplay; clipboard-write; encrypted-media; gyroscope; picture-in-picture; web-share\" allowfullscreen><\/iframe>\n<\/div><\/figure>\n","protected":false},"excerpt":{"rendered":"<p>Netflix Uno de los episodios m\u00e1s inquietantes de la serie, que cuestiona los adelantos de la tecnolog\u00eda que se revierte contra el ser humano. Es el a\u00f1o 1969 y dos &hellip; <a href=\"https:\/\/lavereda.com.mx\/index.php\/2023\/07\/02\/black-mirror-beyond-sea-season-6-2023\/\" class=\"more-link\">Leer m\u00e1s<\/a><\/p>\n","protected":false},"author":3,"featured_media":5242,"comment_status":"open","ping_status":"open","sticky":false,"template":"","format":"standard","meta":{"footnotes":""},"categories":[6,7,18],"tags":[56],"class_list":["post-5241","post","type-post","status-publish","format-standard","has-post-thumbnail","hentry","category-cinetv","category-entretenimiento","category-lomasrelevante","tag-netflix","entry"],"_links":{"self":[{"href":"https:\/\/lavereda.com.mx\/index.php\/wp-json\/wp\/v2\/posts\/5241","targetHints":{"allow":["GET"]}}],"collection":[{"href":"https:\/\/lavereda.com.mx\/index.php\/wp-json\/wp\/v2\/posts"}],"about":[{"href":"https:\/\/lavereda.com.mx\/index.php\/wp-json\/wp\/v2\/types\/post"}],"author":[{"embeddable":true,"href":"https:\/\/lavereda.com.mx\/index.php\/wp-json\/wp\/v2\/users\/3"}],"replies":[{"embeddable":true,"href":"https:\/\/lavereda.com.mx\/index.php\/wp-json\/wp\/v2\/comments?post=5241"}],"version-history":[{"count":1,"href":"https:\/\/lavereda.com.mx\/index.php\/wp-json\/wp\/v2\/posts\/5241\/revisions"}],"predecessor-version":[{"id":5243,"href":"https:\/\/lavereda.com.mx\/index.php\/wp-json\/wp\/v2\/posts\/5241\/revisions\/5243"}],"wp:featuredmedia":[{"embeddable":true,"href":"https:\/\/lavereda.com.mx\/index.php\/wp-json\/wp\/v2\/media\/5242"}],"wp:attachment":[{"href":"https:\/\/lavereda.com.mx\/index.php\/wp-json\/wp\/v2\/media?parent=5241"}],"wp:term":[{"taxonomy":"category","embeddable":true,"href":"https:\/\/lavereda.com.mx\/index.php\/wp-json\/wp\/v2\/categories?post=5241"},{"taxonomy":"post_tag","embeddable":true,"href":"https:\/\/lavereda.com.mx\/index.php\/wp-json\/wp\/v2\/tags?post=5241"}],"curies":[{"name":"wp","href":"https:\/\/api.w.org\/{rel}","templated":true}]}}