{"id":524,"date":"2020-08-29T17:43:05","date_gmt":"2020-08-29T17:43:05","guid":{"rendered":"http:\/\/lavereda.com.mx\/?p=524"},"modified":"2020-08-29T17:43:06","modified_gmt":"2020-08-29T17:43:06","slug":"cine-tv-el-espia","status":"publish","type":"post","link":"https:\/\/lavereda.com.mx\/index.php\/2020\/08\/29\/cine-tv-el-espia\/","title":{"rendered":"Cine Tv. El Esp\u00eda"},"content":{"rendered":"\n<p><strong>(The Spy, 2019)<\/strong><\/p>\n\n\n\n<p>Eli Cohen naci\u00f3 en Israel pero se cri\u00f3 en un ambiente egipcio. Los Servicios Secretos de su pa\u00eds lo reclutan para que se infiltre en Siria, uno de sus archirrivales pol\u00edticos, para que descubra sus planes y ayude al gobierno a anticiparse a las maniobras militares, que son una preocupaci\u00f3n constante.<\/p>\n\n\n\n<p>Sacha Baron Cohen protagoniza El Esp\u00eda, una trepidante miniserie de seis episodios basada en hechos reales, que describe, con asombrosa elocuencia, la transformaci\u00f3n de Cohen en un agente doble, infiltr\u00e1ndose en el ambiente empresarial de damasco y en sus m\u00e1s altas esferas pol\u00edticas y militares.<\/p>\n\n\n\n<p>Es la d\u00e9cada de los 60. Con gran carisma, dotes seductores, talante de arist\u00f3crata y una atemorizante sangre fr\u00eda, Cohen juega un riesgoso partido de doble identidad, caminando sobre la cuerda floja ante sus enemigos sirios, a los que ha abrazado como socios y camaradas, en el nombre de su ciego patriotismo que, lentamente, lo conduce al despe\u00f1adero.<\/p>\n\n\n\n<p>Escrita y dirigida por Gideon Raff y coproducida por el mismo Sacha, la serie es tensa y con un fuerte sabor a un juego de esp\u00edas que habr\u00eda aprobado el mismo John LeCarr\u00e9. Al momento que acepta la misi\u00f3n, Eli vende su alma al demonio. Se ve obligado a mentir a todos,hasta a su propia familia. Llega a hacerse amigo, incluso de un poderoso militar d\u00e9spota que le entrega su total confianza.<\/p>\n\n\n\n<p>Necesariamente, en esas andanzas, que lo traen entre Siria y Argentina, comienza a cometer errores, a efectuar acciones suicidas y a traicionar a quienes le tendieron la mano, a los dos lados del tablero.<\/p>\n\n\n\n<p>El Esp\u00eda es una emocionante miniserie plagada de electrizantes elementos del g\u00e9nero.<\/p>\n\n\n\n<p>(R. Restringido; menores de 17 deben estar acompa\u00f1ados de sus padres)<\/p>\n\n\n\n<p>Netflix<\/p>\n\n\n\n<p>@LucianoCamposG<\/p>\n","protected":false},"excerpt":{"rendered":"<p>Eli Cohen naci\u00f3 en Israel pero se cri\u00f3 en un ambiente egipcio. <\/p>\n","protected":false},"author":3,"featured_media":525,"comment_status":"open","ping_status":"open","sticky":false,"template":"","format":"standard","meta":{"footnotes":""},"categories":[6],"tags":[],"class_list":["post-524","post","type-post","status-publish","format-standard","has-post-thumbnail","hentry","category-cinetv","entry"],"_links":{"self":[{"href":"https:\/\/lavereda.com.mx\/index.php\/wp-json\/wp\/v2\/posts\/524","targetHints":{"allow":["GET"]}}],"collection":[{"href":"https:\/\/lavereda.com.mx\/index.php\/wp-json\/wp\/v2\/posts"}],"about":[{"href":"https:\/\/lavereda.com.mx\/index.php\/wp-json\/wp\/v2\/types\/post"}],"author":[{"embeddable":true,"href":"https:\/\/lavereda.com.mx\/index.php\/wp-json\/wp\/v2\/users\/3"}],"replies":[{"embeddable":true,"href":"https:\/\/lavereda.com.mx\/index.php\/wp-json\/wp\/v2\/comments?post=524"}],"version-history":[{"count":1,"href":"https:\/\/lavereda.com.mx\/index.php\/wp-json\/wp\/v2\/posts\/524\/revisions"}],"predecessor-version":[{"id":526,"href":"https:\/\/lavereda.com.mx\/index.php\/wp-json\/wp\/v2\/posts\/524\/revisions\/526"}],"wp:featuredmedia":[{"embeddable":true,"href":"https:\/\/lavereda.com.mx\/index.php\/wp-json\/wp\/v2\/media\/525"}],"wp:attachment":[{"href":"https:\/\/lavereda.com.mx\/index.php\/wp-json\/wp\/v2\/media?parent=524"}],"wp:term":[{"taxonomy":"category","embeddable":true,"href":"https:\/\/lavereda.com.mx\/index.php\/wp-json\/wp\/v2\/categories?post=524"},{"taxonomy":"post_tag","embeddable":true,"href":"https:\/\/lavereda.com.mx\/index.php\/wp-json\/wp\/v2\/tags?post=524"}],"curies":[{"name":"wp","href":"https:\/\/api.w.org\/{rel}","templated":true}]}}