{"id":5228,"date":"2023-06-28T02:37:25","date_gmt":"2023-06-28T02:37:25","guid":{"rendered":"http:\/\/lavereda.com.mx\/?p=5228"},"modified":"2023-06-28T02:37:28","modified_gmt":"2023-06-28T02:37:28","slug":"cuarteto-de-cuerdas-interpretara-musica-de-abba-y-bee-gees","status":"publish","type":"post","link":"https:\/\/lavereda.com.mx\/index.php\/2023\/06\/28\/cuarteto-de-cuerdas-interpretara-musica-de-abba-y-bee-gees\/","title":{"rendered":"Cuarteto de cuerdas interpretar\u00e1 m\u00fasica de Abba y Bee Gees"},"content":{"rendered":"\n<p>El Cuarteto de Cuerdas Arbat, integrado por Natalia Riazanova y Sheily L\u00f3pez en los violines, Marcos S\u00e1nchez en la Viola y Paola Carrillo en el Violonchelo, presentar\u00e1n el segundo concierto de la serie\u00a0 \u201cFamily Concerts en Torre\u00f3n Jard\u00edn\u201d , en el Sal\u00f3n Claret anexo a la Parroquia del Inmaculado Coraz\u00f3n de Mar\u00eda en la colonia Torre\u00f3n Jard\u00edn, el domingo 2 de julio a las 12:00 horas.<\/p>\n\n\n\n<p>La serie incluye seis conciertos programados entre mayo diciembre del 2023 y abarcar\u00e1 una cuidadosa selecci\u00f3n de la mejor m\u00fasica de diversos g\u00e9neros desde lo popular a lo cl\u00e1sico, inform\u00f3 el cuarteto.<\/p>\n\n\n\n<p>Este segundo concierto est\u00e1 dedicado a los grandes \u00e9xitos de ABBA y los Bee Gees, que acompa\u00f1aron con su m\u00fasica a varias generaciones de j\u00f3venes y sus canciones se siguen escuchando en todo el mundo.\u00a0<\/p>\n\n\n\n<p>Entre la piezas musicales que interpretar\u00e1 ARBAT destacan del los BEE GEES \u00abHow deep is your love\u00bb, \u00abStayin Alive\u00bb, \u00abWords\u00bb as\u00ed como \u00abDancing Queen\u00bb, \u00abMama Mia\u00bb, \u00abChiquitita\u00bb del Grupo ABBA, entre muchas canciones m\u00e1s de estos entra\u00f1ables grupos.\u00a0<\/p>\n\n\n\n<p>La Academia Tchaikovsky A.C. presenta estos conciertos con la finalidad de promover y difundir la m\u00fasica de los grandes compositores e int\u00e9rpretes contempor\u00e1neos, crear nuevos p\u00fablicos, \u00abas\u00ed como ofrecer a las familias laguneras un espacio de convivencia donde podr\u00e1n escuchar m\u00fasica de grandes y queridos interpretes populares de los siglos XX y XXI en versi\u00f3n para cuarteto de cuerdas, bien interpretada y a bajo costo\u00bb, compartieron los integrantes.\u00a0<\/p>\n\n\n\n<p>Los boletos electr\u00f3nicos est\u00e1n a la venta por whatsapp al 871 2353524 y en las oficinas de la Parroquia con un costo de $150.<br><\/p>\n","protected":false},"excerpt":{"rendered":"<p>El Cuarteto de Cuerdas Arbat, integrado por Natalia Riazanova y Sheily L\u00f3pez en los violines, Marcos S\u00e1nchez en la Viola y Paola Carrillo en el Violonchelo, presentar\u00e1n el segundo concierto &hellip; <a href=\"https:\/\/lavereda.com.mx\/index.php\/2023\/06\/28\/cuarteto-de-cuerdas-interpretara-musica-de-abba-y-bee-gees\/\" class=\"more-link\">Leer m\u00e1s<\/a><\/p>\n","protected":false},"author":9,"featured_media":5230,"comment_status":"open","ping_status":"open","sticky":false,"template":"","format":"standard","meta":{"footnotes":""},"categories":[18,4],"tags":[],"class_list":["post-5228","post","type-post","status-publish","format-standard","has-post-thumbnail","hentry","category-lomasrelevante","category-musica","entry"],"_links":{"self":[{"href":"https:\/\/lavereda.com.mx\/index.php\/wp-json\/wp\/v2\/posts\/5228","targetHints":{"allow":["GET"]}}],"collection":[{"href":"https:\/\/lavereda.com.mx\/index.php\/wp-json\/wp\/v2\/posts"}],"about":[{"href":"https:\/\/lavereda.com.mx\/index.php\/wp-json\/wp\/v2\/types\/post"}],"author":[{"embeddable":true,"href":"https:\/\/lavereda.com.mx\/index.php\/wp-json\/wp\/v2\/users\/9"}],"replies":[{"embeddable":true,"href":"https:\/\/lavereda.com.mx\/index.php\/wp-json\/wp\/v2\/comments?post=5228"}],"version-history":[{"count":2,"href":"https:\/\/lavereda.com.mx\/index.php\/wp-json\/wp\/v2\/posts\/5228\/revisions"}],"predecessor-version":[{"id":5231,"href":"https:\/\/lavereda.com.mx\/index.php\/wp-json\/wp\/v2\/posts\/5228\/revisions\/5231"}],"wp:featuredmedia":[{"embeddable":true,"href":"https:\/\/lavereda.com.mx\/index.php\/wp-json\/wp\/v2\/media\/5230"}],"wp:attachment":[{"href":"https:\/\/lavereda.com.mx\/index.php\/wp-json\/wp\/v2\/media?parent=5228"}],"wp:term":[{"taxonomy":"category","embeddable":true,"href":"https:\/\/lavereda.com.mx\/index.php\/wp-json\/wp\/v2\/categories?post=5228"},{"taxonomy":"post_tag","embeddable":true,"href":"https:\/\/lavereda.com.mx\/index.php\/wp-json\/wp\/v2\/tags?post=5228"}],"curies":[{"name":"wp","href":"https:\/\/api.w.org\/{rel}","templated":true}]}}