{"id":5214,"date":"2023-06-21T16:37:10","date_gmt":"2023-06-21T16:37:10","guid":{"rendered":"http:\/\/lavereda.com.mx\/?p=5214"},"modified":"2023-06-21T16:37:12","modified_gmt":"2023-06-21T16:37:12","slug":"llega-al-museo-regional-de-la-laguna-descubriendo-el-vaticano","status":"publish","type":"post","link":"https:\/\/lavereda.com.mx\/index.php\/2023\/06\/21\/llega-al-museo-regional-de-la-laguna-descubriendo-el-vaticano\/","title":{"rendered":"Llega al Museo Regional de La Laguna \u00abDescubriendo el Vaticano\u00bb"},"content":{"rendered":"\n<p>Cerca de dos mil a\u00f1os de historia se re\u00fanen en la exposici\u00f3n \u201cDescubriendo el Vaticano\u201d, El tesoro de San Juan de Letr\u00e1n, que a partir de hoy se exhibe al p\u00fablico en el Museo Regional de La Laguna hasta el pr\u00f3ximo 5 de agosto. Una oportunidad de conocer obras de arte y reliquias relacionadas con la historia del vaticano de gran valor cultural y religioso.<\/p>\n\n\n\n<p>Es una exposici\u00f3n gratuita para el p\u00fablico interesado en el arte e historia del catolicismo y el vaticano, con obras de alto contenido art\u00edstico. La muestra fue inaugruada ayer por el Municipio de Torre\u00f3n, con la visita de representantes de la bas\u00edlica de San Juan de Letr\u00e1n, Sandro Barbagallo y el Monse\u00f1or Mauro Cozzoli.<\/p>\n\n\n\n<p>Ambos visitantes de Roma, realizaron el primer recorrido y presentaci\u00f3n con medios de comunicaci\u00f3n, de las 105 piezas que componen la exposici\u00f3n, para invitar a la ciudadan\u00eda a visitar la sala del museo, misma que albergar\u00e1 por las siguientes semanas las obras de arte del Vaticano.<\/p>\n\n\n\n<p>Sandro Barbagallo, curador del museo, declar\u00f3 que la muestra es una ocasi\u00f3n para dar a conocer lo que es el tesoro de la Catedral de Roma.<\/p>\n\n\n\n<p>\u201cEs una colecci\u00f3n de arte dirigida a todo p\u00fablico, que cuenta con piezas dise\u00f1adas con piedras preciosas, de orfebrer\u00eda y pintura, entre otros\u201d.<\/p>\n\n\n\n<p>En la presentaci\u00f3n se dio a conocer que la Bas\u00edlica de San Juan de Letr\u00e1n es cabeza y madre de todas las iglesias del mundo y en ella se encuentra la sede del Papa como Obispo de Roma.<\/p>\n\n\n\n<figure class=\"wp-block-image size-full is-resized\"><img fetchpriority=\"high\" decoding=\"async\" src=\"https:\/\/lavereda.com.mx\/wp-content\/uploads\/2023\/06\/IMG_7611.jpg\" alt=\"\" class=\"wp-image-5217\" width=\"547\" height=\"410\" srcset=\"https:\/\/lavereda.com.mx\/wp-content\/uploads\/2023\/06\/IMG_7611.jpg 1000w, https:\/\/lavereda.com.mx\/wp-content\/uploads\/2023\/06\/IMG_7611-300x225.jpg 300w, https:\/\/lavereda.com.mx\/wp-content\/uploads\/2023\/06\/IMG_7611-768x576.jpg 768w\" sizes=\"(max-width: 547px) 100vw, 547px\" \/><\/figure>\n\n\n\n<p>La muestra cuenta con obras pict\u00f3rica como \u201cLa Anunciaci\u00f3n\u201d de Marcello Venusti, quien realiz\u00f3 la pieza a partir de un dibujo realizado por Miguel \u00c1ngel, incluso se presume que ambos artistas se enlazaron en el trabajo en alg\u00fan momento.<\/p>\n\n\n\n<p>Se encuentra tambi\u00e9n una reproducci\u00f3n de la obra \u201cLa transfiguraci\u00f3n\u201d de Rafael&nbsp;&nbsp;Sanzio, pintor renacentista.<\/p>\n\n\n\n<p>Se podr\u00e1n apreciar objetos como coronas, capas, cruces, entre otros, que pertenecieron a divesos papas, cuyas im\u00e1genes est\u00e1n representadas en fotograf\u00edas de gran formato. La muestra estuvo primero exhibida en la ciudad de Puebla y la segunda ciudad de M\u00e9xico a la que llega es Torre\u00f3n, con motivo de los 700 a\u00f1os de la Catedral de Roma que se cumplen en 2024.<\/p>\n\n\n\n<p>Su contenido es una representaci\u00f3n de 2 mil a\u00f1os de la iglesia cat\u00f3lica y sus pont\u00edfices, hasta el actual Papa Francisco.<\/p>\n\n\n\n<figure class=\"wp-block-image size-full is-resized\"><img decoding=\"async\" src=\"https:\/\/lavereda.com.mx\/wp-content\/uploads\/2023\/06\/32229591-0891-4609-b06e-a6f501447d2c.jpg\" alt=\"\" class=\"wp-image-5216\" width=\"552\" height=\"357\" srcset=\"https:\/\/lavereda.com.mx\/wp-content\/uploads\/2023\/06\/32229591-0891-4609-b06e-a6f501447d2c.jpg 1000w, https:\/\/lavereda.com.mx\/wp-content\/uploads\/2023\/06\/32229591-0891-4609-b06e-a6f501447d2c-300x194.jpg 300w, https:\/\/lavereda.com.mx\/wp-content\/uploads\/2023\/06\/32229591-0891-4609-b06e-a6f501447d2c-768x497.jpg 768w\" sizes=\"(max-width: 552px) 100vw, 552px\" \/><\/figure>\n","protected":false},"excerpt":{"rendered":"<p>Cerca de dos mil a\u00f1os de historia se re\u00fanen en la exposici\u00f3n \u201cDescubriendo el Vaticano\u201d, El tesoro de San Juan de Letr\u00e1n, que a partir de hoy se exhibe al &hellip; <a href=\"https:\/\/lavereda.com.mx\/index.php\/2023\/06\/21\/llega-al-museo-regional-de-la-laguna-descubriendo-el-vaticano\/\" class=\"more-link\">Leer m\u00e1s<\/a><\/p>\n","protected":false},"author":9,"featured_media":5215,"comment_status":"open","ping_status":"open","sticky":false,"template":"","format":"standard","meta":{"footnotes":""},"categories":[3,18],"tags":[62,83,82],"class_list":["post-5214","post","type-post","status-publish","format-standard","has-post-thumbnail","hentry","category-artes-visuales","category-lomasrelevante","tag-arte","tag-roma","tag-vaticano","entry"],"_links":{"self":[{"href":"https:\/\/lavereda.com.mx\/index.php\/wp-json\/wp\/v2\/posts\/5214","targetHints":{"allow":["GET"]}}],"collection":[{"href":"https:\/\/lavereda.com.mx\/index.php\/wp-json\/wp\/v2\/posts"}],"about":[{"href":"https:\/\/lavereda.com.mx\/index.php\/wp-json\/wp\/v2\/types\/post"}],"author":[{"embeddable":true,"href":"https:\/\/lavereda.com.mx\/index.php\/wp-json\/wp\/v2\/users\/9"}],"replies":[{"embeddable":true,"href":"https:\/\/lavereda.com.mx\/index.php\/wp-json\/wp\/v2\/comments?post=5214"}],"version-history":[{"count":1,"href":"https:\/\/lavereda.com.mx\/index.php\/wp-json\/wp\/v2\/posts\/5214\/revisions"}],"predecessor-version":[{"id":5218,"href":"https:\/\/lavereda.com.mx\/index.php\/wp-json\/wp\/v2\/posts\/5214\/revisions\/5218"}],"wp:featuredmedia":[{"embeddable":true,"href":"https:\/\/lavereda.com.mx\/index.php\/wp-json\/wp\/v2\/media\/5215"}],"wp:attachment":[{"href":"https:\/\/lavereda.com.mx\/index.php\/wp-json\/wp\/v2\/media?parent=5214"}],"wp:term":[{"taxonomy":"category","embeddable":true,"href":"https:\/\/lavereda.com.mx\/index.php\/wp-json\/wp\/v2\/categories?post=5214"},{"taxonomy":"post_tag","embeddable":true,"href":"https:\/\/lavereda.com.mx\/index.php\/wp-json\/wp\/v2\/tags?post=5214"}],"curies":[{"name":"wp","href":"https:\/\/api.w.org\/{rel}","templated":true}]}}