{"id":5211,"date":"2023-06-17T23:29:35","date_gmt":"2023-06-17T23:29:35","guid":{"rendered":"http:\/\/lavereda.com.mx\/?p=5211"},"modified":"2023-06-17T23:29:36","modified_gmt":"2023-06-17T23:29:36","slug":"los-riesgos-del-ocio-59","status":"publish","type":"post","link":"https:\/\/lavereda.com.mx\/index.php\/2023\/06\/17\/los-riesgos-del-ocio-59\/","title":{"rendered":"Los riesgos del ocio"},"content":{"rendered":"\n<blockquote class=\"wp-block-quote is-layout-flow wp-block-quote-is-layout-flow\"><p>\u201cParecemos tontos sin pap\u00e1\u201d.<\/p><\/blockquote>\n\n\n\n<p>No recuerdo haber pronunciado esa frase que cuenta mi madre dije en alg\u00fan momento de mi primera infancia. Sin embargo, me parece l\u00f3gico haber exclamado algo as\u00ed mientras ve\u00eda c\u00f3mo los padres de mis compa\u00f1eros los llevaban a la escuela, iban a los festivales o simplemente llegaban a comer todos los d\u00edas a sus casas. Yo no ten\u00eda eso.<\/p>\n\n\n\n<p>Era dif\u00edcil no saber, primero, y luego no entender por qu\u00e9 mi padre ten\u00eda que irse, por qu\u00e9 no pod\u00eda conseguir un trabajo en la misma ciudad donde viv\u00edamos, por qu\u00e9 ten\u00eda que viajar tanto y no llevarnos. Aprend\u00ed a leer muy peque\u00f1a y cuando ve\u00eda letreros solicitando empleado en cualquier lugar, fantaseaba con la idea de que pap\u00e1 quisiera trabajar ah\u00ed, para tenerlo m\u00e1s cerca de casa. Ser ni\u00f1a es dif\u00edcil, sobre todo si eres de imaginaci\u00f3n exacerbada.<\/p>\n\n\n\n<p>Con el tiempo he entendido que, por supuesto mi padre jam\u00e1s iba a hacer eso. A veces podemos ver el hipot\u00e9tico presente que tendr\u00edamos todos en la familia si \u00e9l se hubiera conformado con trabajar en una farmacia de dependiente teniendo todas las oportunidades que tuvo de aprender, conocer, crear y formar un patrimonio y un futuro que ahora gozamos todos. Hoy en d\u00eda tiene mucho sentido esa frase de \u201csi me voy no es por m\u00ed, sino por ustedes\u201d. Aunque s\u00e9 que amaba su trabajo.&nbsp;<\/p>\n\n\n\n<p>No todo fue ausencia. Atesoro el recuerdo de aquellos raros fines de semana de tres d\u00edas de asueto, cuando \u00edbamos al campo, a la alameda, a visitar a Do\u00f1a Consuelo con mi padre; las veces que nos avent\u00f3 a la alberca, las idas a la playa; el sonido de la guitarra y su canto.<\/p>\n\n\n\n<p>Ha sido dif\u00edcil conocer y aceptar a mi padre. Su ausencia f\u00edsica los primeros a\u00f1os, lo convirti\u00f3 en un ser mitol\u00f3gico, mitad Charles Atlas, mitad super h\u00e9roe de la construcci\u00f3n.&nbsp;<\/p>\n\n\n\n<p>Durante mi adolescencia pudimos volver a estar en la misma casa, como una familia completa, y eso ya no era un anhelo cumplido, sino un problema. \u00bfC\u00f3mo hacer lo que se te de la regalada gana a los trece o catorce a\u00f1os si est\u00e1 el se\u00f1or que te va a poner reglas? \u00bfC\u00f3mo aceptar esas reglas de un hombre al que apenas est\u00e1s conociendo? Por supuesto que vinieron las tragedias tipo \u201cno te quiero\u201d, \u201cno tienes derecho a decirme nada\u201d, hasta llegar al telenovelesco \u201cte odio\u201d.&nbsp;<\/p>\n\n\n\n<p>Fue en aquella adolescencia donde descubr\u00ed al hombre espl\u00e9ndido que siempre ha sido mi padre, ese que da sin pedir nada, que est\u00e1 al pendiente de que no falte y si se puede, que haya de m\u00e1s para que no se sienta la carencia. Lo curioso es que, en esa \u00e9poca, me ca\u00eda gordo. Con los a\u00f1os he logrado comprender lo dif\u00edcil que fue para \u00e9l expresar sentimientos. La frase \u201cque necesitas\u201d era su manera de envolverte en un abrazo que ya est\u00e1 dando con m\u00e1s frecuencia, pero que al principio de nuestra relaci\u00f3n le era dif\u00edcil.&nbsp;<\/p>\n\n\n\n<p>Mi padre es un hombre sano, bebe un tequila diario, sale a caminar, lee el peri\u00f3dico completo cumpliendo un prop\u00f3sito de jubilaci\u00f3n que ten\u00eda muy claro, cuida de su hermana mayor, disfruta su hogar, sus idas al caf\u00e9 con los excompa\u00f1eros de trabajo.&nbsp;&nbsp;<\/p>\n\n\n\n<p>Mi padre es ahora ese padre que deseaba de ni\u00f1a, el que necesit\u00e9 de adolescente. No puede jugar conmigo a las mu\u00f1ecas, porque yo tampoco lo hago. Ahora conversamos, disfruto mucho del placer con el que habla de su trabajo, descubro la fuerza que me fue heredada, el car\u00e1cter parecido, la necesidad de seguir aprendiendo, y, sobre todo, el goce de la vida.&nbsp;<\/p>\n\n\n\n<p>Dos momentos guardo en mi cajita especial: (uno) cada vez que dice que deseaba que su hijo mayor fuera ni\u00f1a (yo), y (dos) el d\u00eda en que llegu\u00e9 a su casa donde me iba a recuperar de mi cirug\u00eda (cuando me quitaron el c\u00e1ncer), y verlo afuera de la reja, esper\u00e1ndonos, listo para ayudar y para avisarle a todo mundo que ya el peligro hab\u00eda pasado.&nbsp;<\/p>\n\n\n\n<p>Mi padre dice que lo tiene todo, y a alguien as\u00ed, nunca sabes qu\u00e9 regalarle. Ese es el problema de que hayan inventado un d\u00eda como \u00e9ste.&nbsp;<\/p>\n","protected":false},"excerpt":{"rendered":"<p>\u201cParecemos tontos sin pap\u00e1\u201d. No recuerdo haber pronunciado esa frase que cuenta mi madre dije en alg\u00fan momento de mi primera infancia. Sin embargo, me parece l\u00f3gico haber exclamado algo &hellip; <a href=\"https:\/\/lavereda.com.mx\/index.php\/2023\/06\/17\/los-riesgos-del-ocio-59\/\" class=\"more-link\">Leer m\u00e1s<\/a><\/p>\n","protected":false},"author":11,"featured_media":5212,"comment_status":"open","ping_status":"open","sticky":false,"template":"","format":"standard","meta":{"footnotes":""},"categories":[9],"tags":[81],"class_list":["post-5211","post","type-post","status-publish","format-standard","has-post-thumbnail","hentry","category-opinion","tag-dia-del-padre","entry"],"_links":{"self":[{"href":"https:\/\/lavereda.com.mx\/index.php\/wp-json\/wp\/v2\/posts\/5211","targetHints":{"allow":["GET"]}}],"collection":[{"href":"https:\/\/lavereda.com.mx\/index.php\/wp-json\/wp\/v2\/posts"}],"about":[{"href":"https:\/\/lavereda.com.mx\/index.php\/wp-json\/wp\/v2\/types\/post"}],"author":[{"embeddable":true,"href":"https:\/\/lavereda.com.mx\/index.php\/wp-json\/wp\/v2\/users\/11"}],"replies":[{"embeddable":true,"href":"https:\/\/lavereda.com.mx\/index.php\/wp-json\/wp\/v2\/comments?post=5211"}],"version-history":[{"count":1,"href":"https:\/\/lavereda.com.mx\/index.php\/wp-json\/wp\/v2\/posts\/5211\/revisions"}],"predecessor-version":[{"id":5213,"href":"https:\/\/lavereda.com.mx\/index.php\/wp-json\/wp\/v2\/posts\/5211\/revisions\/5213"}],"wp:featuredmedia":[{"embeddable":true,"href":"https:\/\/lavereda.com.mx\/index.php\/wp-json\/wp\/v2\/media\/5212"}],"wp:attachment":[{"href":"https:\/\/lavereda.com.mx\/index.php\/wp-json\/wp\/v2\/media?parent=5211"}],"wp:term":[{"taxonomy":"category","embeddable":true,"href":"https:\/\/lavereda.com.mx\/index.php\/wp-json\/wp\/v2\/categories?post=5211"},{"taxonomy":"post_tag","embeddable":true,"href":"https:\/\/lavereda.com.mx\/index.php\/wp-json\/wp\/v2\/tags?post=5211"}],"curies":[{"name":"wp","href":"https:\/\/api.w.org\/{rel}","templated":true}]}}