{"id":5204,"date":"2023-06-15T02:03:36","date_gmt":"2023-06-15T02:03:36","guid":{"rendered":"http:\/\/lavereda.com.mx\/?p=5204"},"modified":"2023-06-15T02:03:37","modified_gmt":"2023-06-15T02:03:37","slug":"artista-lagunera-llevara-su-obra-al-festival-de-arte-burning-man-en-nevada","status":"publish","type":"post","link":"https:\/\/lavereda.com.mx\/index.php\/2023\/06\/15\/artista-lagunera-llevara-su-obra-al-festival-de-arte-burning-man-en-nevada\/","title":{"rendered":"Artista lagunera llevar\u00e1 su obra al Festival de Arte Burning Man en Nevada"},"content":{"rendered":"\n<ul class=\"wp-block-list\"><li><em>Leyla Issa participar\u00e1 con el proyecto \u201cQuetzalc\u00f3atl Reborn\u201d, una instalaci\u00f3n escult\u00f3rica de gran formato<\/em><\/li><\/ul>\n\n\n\n<p>La artista lagunera Leyla Issa, ser\u00e1 parte en el Festival de Arte Burning Man, uno de los festivales m\u00e1s importantes de Estados Unidos y del mundo a celebrarse en agosto de este a\u00f1o, en donde cada a\u00f1o se activa el desierto de Black Rock City, Nevada, para dar lugar a las instalaciones escult\u00f3ricas m\u00e1s grandiosas e impresionantes, recibiendo a m\u00e1s de 80 mil asistentes.<\/p>\n\n\n\n<p>Leyla participar\u00e1 con su proyecto \u201cQuetzalc\u00f3atl Reborn\u201d, creando en conjunto con la artista y escultora Lisa Regan, una instalaci\u00f3n escult\u00f3rica de un Quetzalc\u00f3atl de gran formato, la deidad prehisp\u00e1nica m\u00e1s importante en Mesoam\u00e9rica \u201cpara dar a conocer la gran riqueza cultural ancestral de nuestro querido M\u00e9xico y preservar as\u00ed, a trav\u00e9s del arte, nuestra ra\u00edces y tradiciones\u201d, coment\u00f3 la artista.\u00a0<\/p>\n\n\n\n<p>Destac\u00f3 que la pieza ser\u00e1 creada en placa de metal en corte l\u00e1ser y las plumas del Quetzalc\u00f3atl tendr\u00e1n s\u00edmbolos prehisp\u00e1nicos realizados en vitrales en colaboraci\u00f3n con Casa Monta\u00f1a en Torre\u00f3n, Coahuila; dejando as\u00ed un sello en la pieza de las ra\u00edces del desierto lagunero hacia el desierto de Nevada.\u00a0<\/p>\n\n\n\n<figure class=\"wp-block-image size-full is-resized\"><img fetchpriority=\"high\" decoding=\"async\" src=\"https:\/\/lavereda.com.mx\/wp-content\/uploads\/2023\/06\/figura2.png\" alt=\"\" class=\"wp-image-5206\" width=\"533\" height=\"399\" srcset=\"https:\/\/lavereda.com.mx\/wp-content\/uploads\/2023\/06\/figura2.png 922w, https:\/\/lavereda.com.mx\/wp-content\/uploads\/2023\/06\/figura2-300x225.png 300w, https:\/\/lavereda.com.mx\/wp-content\/uploads\/2023\/06\/figura2-768x576.png 768w\" sizes=\"(max-width: 533px) 100vw, 533px\" \/><\/figure>\n\n\n\n<p>Explic\u00f3 que la obra \u201ctendr\u00e1 una cola de mazorca de ma\u00edz que fue entregado por Quetzalc\u00f3atl al hombre y es s\u00edmbolo primordial de nuestras ra\u00edces prehisp\u00e1nicas que prevalecen hasta nuestros d\u00edas. Dicho ma\u00edz ser\u00e1 a su vez un instrumento musical gigante en el que cada ma\u00edz ser\u00e1 un tlalpanhu\u00e9huetl, instrumento musical prehisp\u00e1nico usado en rituales, fiestas y la guerra, hecho de piel, siendo as\u00ed una pieza interactiva con la que la comunidad de Burning Man podr\u00e1 tocar m\u00fasica\u201d.&nbsp;<\/p>\n\n\n\n<p>En su estancia en Torre\u00f3n, Coahuila Leyla estar\u00e1 colaborando con la comunidad a trav\u00e9s de talleres en los que se crear\u00e1 un Quetzalc\u00f3atl en diferentes medios como grabado en lin\u00f3leo, cer\u00e1mica y pintura.&nbsp;<\/p>\n\n\n\n<p>Para ser parte se puede escribir a&nbsp;<a href=\"mailto:quetzalcoatlreborn@gmail.com\">quetzalcoatlreborn@gmail.com<\/a>. Tambi\u00e9n se puede&nbsp;seguir el proyecto en redes sociales en @quetzalcoatlreborn y en su p\u00e1gina web&nbsp;<a href=\"http:\/\/www.quetzalcoatlreborn.com\/\">www.quetzalcoatlreborn.com<\/a>.<\/p>\n\n\n\n<p>La artista lagunera invita a conocer esta p\u00e1gina para saber m\u00e1s del proyecto y encontrar el link para apoyar su campa\u00f1a de recaudaci\u00f3n de fondos digital y hacer posible el que Quetzalc\u00f3atl llegue a Burning Man:\u00a0<a href=\"https:\/\/www.gofundme.com\/f\/women-raising-funds-for-burning-man-sculpture?utm_campaign=p_cp+share-sheet&amp;utm_content=undefined&amp;utm_medium=copy_link_all&amp;utm_source=customer&amp;utm_term=undefined\">https:\/\/www.gofundme.com\/f\/women-raising-funds-for-burning-man-sculpture?utm_campaign=p_cp+share-sheet&amp;utm_content=undefined&amp;utm_medium=copy_link_all&amp;utm_source=customer&amp;utm_term=undefined<\/a> <\/p>\n","protected":false},"excerpt":{"rendered":"<p>Leyla Issa participar\u00e1 con el proyecto \u201cQuetzalc\u00f3atl Reborn\u201d, una instalaci\u00f3n escult\u00f3rica de gran formato La artista lagunera Leyla Issa, ser\u00e1 parte en el Festival de Arte Burning Man, uno de &hellip; <a href=\"https:\/\/lavereda.com.mx\/index.php\/2023\/06\/15\/artista-lagunera-llevara-su-obra-al-festival-de-arte-burning-man-en-nevada\/\" class=\"more-link\">Leer m\u00e1s<\/a><\/p>\n","protected":false},"author":9,"featured_media":5205,"comment_status":"open","ping_status":"open","sticky":false,"template":"","format":"standard","meta":{"footnotes":""},"categories":[3,18],"tags":[62,80],"class_list":["post-5204","post","type-post","status-publish","format-standard","has-post-thumbnail","hentry","category-artes-visuales","category-lomasrelevante","tag-arte","tag-escultura","entry"],"_links":{"self":[{"href":"https:\/\/lavereda.com.mx\/index.php\/wp-json\/wp\/v2\/posts\/5204","targetHints":{"allow":["GET"]}}],"collection":[{"href":"https:\/\/lavereda.com.mx\/index.php\/wp-json\/wp\/v2\/posts"}],"about":[{"href":"https:\/\/lavereda.com.mx\/index.php\/wp-json\/wp\/v2\/types\/post"}],"author":[{"embeddable":true,"href":"https:\/\/lavereda.com.mx\/index.php\/wp-json\/wp\/v2\/users\/9"}],"replies":[{"embeddable":true,"href":"https:\/\/lavereda.com.mx\/index.php\/wp-json\/wp\/v2\/comments?post=5204"}],"version-history":[{"count":1,"href":"https:\/\/lavereda.com.mx\/index.php\/wp-json\/wp\/v2\/posts\/5204\/revisions"}],"predecessor-version":[{"id":5207,"href":"https:\/\/lavereda.com.mx\/index.php\/wp-json\/wp\/v2\/posts\/5204\/revisions\/5207"}],"wp:featuredmedia":[{"embeddable":true,"href":"https:\/\/lavereda.com.mx\/index.php\/wp-json\/wp\/v2\/media\/5205"}],"wp:attachment":[{"href":"https:\/\/lavereda.com.mx\/index.php\/wp-json\/wp\/v2\/media?parent=5204"}],"wp:term":[{"taxonomy":"category","embeddable":true,"href":"https:\/\/lavereda.com.mx\/index.php\/wp-json\/wp\/v2\/categories?post=5204"},{"taxonomy":"post_tag","embeddable":true,"href":"https:\/\/lavereda.com.mx\/index.php\/wp-json\/wp\/v2\/tags?post=5204"}],"curies":[{"name":"wp","href":"https:\/\/api.w.org\/{rel}","templated":true}]}}