{"id":5201,"date":"2023-06-13T03:50:13","date_gmt":"2023-06-13T03:50:13","guid":{"rendered":"http:\/\/lavereda.com.mx\/?p=5201"},"modified":"2023-06-13T03:50:33","modified_gmt":"2023-06-13T03:50:33","slug":"los-riesgos-del-ocio-58","status":"publish","type":"post","link":"https:\/\/lavereda.com.mx\/index.php\/2023\/06\/13\/los-riesgos-del-ocio-58\/","title":{"rendered":"Los riesgos del ocio"},"content":{"rendered":"\n<p>Nos levantamos temprano y vamos al centro comercial. La idea es pasar por algunos productos para m\u00ed que solo se venden en ciertas tiendas que se encuentran en ese sitio.&nbsp;<\/p>\n\n\n\n<p>El lugar est\u00e1 lleno de cosas esponjosas y muy lindas, como dice mi marido \u201ces el para\u00edso de lo cursi\u201d. S\u00ed, en efecto, a veces uno necesita estar en esos espacios para relajarse de tanto mundo real. Lo kitsch, el d\u00eda de hoy, ha logrado que me sosiegue al grado de olvidar todo lo vivido en la semana, el dolor, el cansancio, el sabor met\u00e1lico en mi boca, el asco por todas las comidas, debido a la quimioterapia que acabo de tener. Estuvimos en Cursilandia un buen rato, encontr\u00e9 m\u00e1s o menos todo lo que necesitaba y salimos con cositas rosas en la mano.<\/p>\n\n\n\n<p>\u00bfA d\u00f3nde va esta columna? \u00bfA relatarles mi d\u00eda en el centro comercial? S\u00ed y no.&nbsp;<\/p>\n\n\n\n<p>No somos muy afectos a andar en esos lugares, generalmente vamos porque necesitamos algo espec\u00edfico que solo venden ah\u00ed. Yo en lo personal, hace muchos a\u00f1os desarroll\u00e9 una especie de aversi\u00f3n a esos lugares como paseo. Creo que hoy me he reconciliado con la idea de ir a pasar una ma\u00f1ana, vagando por los pasillos, husmeando los aparadores, mientras me como un helado de yogurt y de la mano del amor de mi vida comento, hago chistes o me asombro de lo que veo.<\/p>\n\n\n\n<p>De regreso a casa, me sorprendi\u00f3 el doloroso recuerdo de lo dif\u00edcil que fue ser una mujer sola con tres hijos y tres trabajos (dado que al tal pap\u00e1 le fue muy f\u00e1cil irse y no ocuparse) y lo inaccesible que era pasear por esos lugares. Comenzando por lo lejanos, siguiendo por la falta de dinero para comprarles a los ni\u00f1os lo que se les antojara, y terminando por las ganas que ten\u00eda de darles todo y saber que no se pod\u00eda.&nbsp;<\/p>\n\n\n\n<p>Ser mam\u00e1 sola hace treinta a\u00f1os fue dif\u00edcil. No exist\u00edan los apoyos emocionales y legales con los que se cuenta ahora y no ten\u00edamos tiempo de tramitar todo lo que est\u00e1n logrando las madres de hoy. Me da gusto ver c\u00f3mo se est\u00e1n uniendo y logrando que los padres que abandonan paguen pensi\u00f3n. Me imagino el alivio econ\u00f3mico y el tiempo para dedicarme a ser mam\u00e1 que hubiera tenido, de haber podido obligar a trabajar al tipo con el que tuve a mis hijos.<\/p>\n\n\n\n<p>Es emocionante saber que pueden acceder a cualquier trabajo y protegerse contra el acoso, ser contratadas a pesar de tener hijos, no ser vistas como la mujer f\u00e1cil que \u201cya lo hizo con otros, ya no puede perder nada\u201d, continuar con su proyecto de vida, en lugar de ponerlo en pausa, por los hijos. Est\u00e1n haciendo un cambio que en mucho se debe a las redes sociales, nosotras estuvimos aisladas, solas y con el tiempo apremiante y todo en contra para conseguir alimento y casa.<\/p>\n\n\n\n<p>Las l\u00e1grimas que derram\u00e9 en el autom\u00f3vil, de regreso, tuvieron un poco de nostalgia por esas infancias precarias que saqu\u00e9 adelante como se pudo, quit\u00e1ndole tiempo a ciertas tareas para llevarlos al parque, dejando de comer a veces para festejar cumplea\u00f1os, usando ropa que me ced\u00edan primas y amigas, para poder comprar vestidos para que mi hija fuera a las fiestas de quincea\u00f1era de sus amigas. Y, sobre todo, el llanto fue de alivio, porque eso ya pas\u00f3, ya no es necesario contar centavos, ni pesos. Sin ser ricos, el dinero y el tiempo de convivencia han dejado de preocuparnos.&nbsp;<\/p>\n\n\n\n<p>Nuestros problemas ahora son otros, m\u00e1s f\u00e1ciles de resolver.<\/p>\n","protected":false},"excerpt":{"rendered":"<p>Nos levantamos temprano y vamos al centro comercial. La idea es pasar por algunos productos para m\u00ed que solo se venden en ciertas tiendas que se encuentran en ese sitio.&nbsp; &hellip; <a href=\"https:\/\/lavereda.com.mx\/index.php\/2023\/06\/13\/los-riesgos-del-ocio-58\/\" class=\"more-link\">Leer m\u00e1s<\/a><\/p>\n","protected":false},"author":11,"featured_media":5202,"comment_status":"open","ping_status":"open","sticky":false,"template":"","format":"standard","meta":{"footnotes":""},"categories":[18,9],"tags":[],"class_list":["post-5201","post","type-post","status-publish","format-standard","has-post-thumbnail","hentry","category-lomasrelevante","category-opinion","entry"],"_links":{"self":[{"href":"https:\/\/lavereda.com.mx\/index.php\/wp-json\/wp\/v2\/posts\/5201","targetHints":{"allow":["GET"]}}],"collection":[{"href":"https:\/\/lavereda.com.mx\/index.php\/wp-json\/wp\/v2\/posts"}],"about":[{"href":"https:\/\/lavereda.com.mx\/index.php\/wp-json\/wp\/v2\/types\/post"}],"author":[{"embeddable":true,"href":"https:\/\/lavereda.com.mx\/index.php\/wp-json\/wp\/v2\/users\/11"}],"replies":[{"embeddable":true,"href":"https:\/\/lavereda.com.mx\/index.php\/wp-json\/wp\/v2\/comments?post=5201"}],"version-history":[{"count":1,"href":"https:\/\/lavereda.com.mx\/index.php\/wp-json\/wp\/v2\/posts\/5201\/revisions"}],"predecessor-version":[{"id":5203,"href":"https:\/\/lavereda.com.mx\/index.php\/wp-json\/wp\/v2\/posts\/5201\/revisions\/5203"}],"wp:featuredmedia":[{"embeddable":true,"href":"https:\/\/lavereda.com.mx\/index.php\/wp-json\/wp\/v2\/media\/5202"}],"wp:attachment":[{"href":"https:\/\/lavereda.com.mx\/index.php\/wp-json\/wp\/v2\/media?parent=5201"}],"wp:term":[{"taxonomy":"category","embeddable":true,"href":"https:\/\/lavereda.com.mx\/index.php\/wp-json\/wp\/v2\/categories?post=5201"},{"taxonomy":"post_tag","embeddable":true,"href":"https:\/\/lavereda.com.mx\/index.php\/wp-json\/wp\/v2\/tags?post=5201"}],"curies":[{"name":"wp","href":"https:\/\/api.w.org\/{rel}","templated":true}]}}