{"id":5195,"date":"2023-06-11T00:38:25","date_gmt":"2023-06-11T00:38:25","guid":{"rendered":"http:\/\/lavereda.com.mx\/?p=5195"},"modified":"2025-09-25T01:59:32","modified_gmt":"2025-09-25T01:59:32","slug":"mezquite-la-fuerza-de-seguir-bailando","status":"publish","type":"post","link":"https:\/\/lavereda.com.mx\/index.php\/2023\/06\/11\/mezquite-la-fuerza-de-seguir-bailando\/","title":{"rendered":"Mezquite: la fuerza de seguir bailando"},"content":{"rendered":"\n<ul class=\"wp-block-list\">\n<li><em>La compa\u00f1\u00eda present\u00f3 un programa de estrenos para conmemorar sus 25 a\u00f1os, el pasado 7 de junio<\/em><\/li>\n<\/ul>\n\n\n\n<p>Cuando vi la portada del programa de mano de la funci\u00f3n de estrenos por el 25 aniversario de Mezquite, danza contempor\u00e1nea; vino a mi memoria la coreograf\u00eda \u201cFalta de calcio\u201d, montada por la compa\u00f1\u00eda a inicios de la d\u00e9cada del 2000, autor\u00eda de la core\u00f3grafa Adriana Casta\u00f1os.<\/p>\n\n\n\n<p>Vino a mi memoria porque los bailarines en la foto, lucen un vestuario gris similar al de aquella obra, vestido en las mujeres, pantal\u00f3n y camisa en los hombres, un vestuario que los hace ver libres, entregados al movimiento, apasionados, pero libres.&nbsp;<\/p>\n\n\n\n<p>En aquel a\u00f1o, creo que el 2004 o 2005, Jaime Hinojosa me invit\u00f3 a bailar esa coreograf\u00eda. Cuando empez\u00f3 el montaje me pidi\u00f3 traer a la memoria un recuerdo relacionado con el agua. El resultado fue una obra profundamente emocional, l\u00edquida y suave. Es un estilo y sobre todo un sentimiento que la compa\u00f1\u00eda sigue conservando.<\/p>\n\n\n\n<p>La primera obra del programa que se present\u00f3 el pasado 7 de junio en el Teatro Isauro Mart\u00ednez, fue \u201cEspejismos\u201d del core\u00f3grafo radicado en Monterrey, Mizraim Araujo. Una obra de conexi\u00f3n, de contacto, con un dibujo de movimientos en el escenario que parecieran el trazo de una pintura. En el suelo hab\u00eda un espejismo que hac\u00eda m\u00e1s profundo el movimiento.<\/p>\n\n\n\n<figure class=\"wp-block-image size-full is-resized\"><img fetchpriority=\"high\" decoding=\"async\" width=\"768\" height=\"511\" src=\"https:\/\/lavereda.com.mx\/wp-content\/uploads\/2023\/06\/PHOTO-2023-06-08-21-49-34-768x511-1.jpg\" alt=\"\" class=\"wp-image-7155\" style=\"width:575px;height:383px\" srcset=\"https:\/\/lavereda.com.mx\/wp-content\/uploads\/2023\/06\/PHOTO-2023-06-08-21-49-34-768x511-1.jpg 768w, https:\/\/lavereda.com.mx\/wp-content\/uploads\/2023\/06\/PHOTO-2023-06-08-21-49-34-768x511-1-300x200.jpg 300w\" sizes=\"(max-width: 768px) 100vw, 768px\" \/><figcaption class=\"wp-element-caption\"><em>Fotos: Cortes\u00eda Mezquite DC.<\/em><\/figcaption><\/figure>\n\n\n\n<p>En esta funci\u00f3n de estrenos Mezquite present\u00f3 dos obras de j\u00f3venes que son alumnos de la Escuela Municipal de Danza Contempor\u00e1nea, con propuestas sensibles, con una t\u00e9cnica limpia. \u201cPiroquinesis\u201d, bailada por las tres mujeres de la compa\u00f1\u00eda, que son Sara Ovalle, Berenice Ovalle y Alpha R\u00edos, un tr\u00edo de movimiento en comuni\u00f3n.<\/p>\n\n\n\n<p>Despu\u00e9s vino \u201cDej\u00e1 v\u00fa\u201d, interpretada por alumnos de la misma escuela de danza. Una coreograf\u00eda grupal y en sinton\u00eda, que deja ver la libertad y compromiso con la danza de la siguiente generaci\u00f3n de bailarines.<\/p>\n\n\n\n<p>La cuarta obra fue \u201cSolo para una mujer sola\u201d, coreograf\u00eda de Jaime Hinojosa para Sara Ovalle. Toda la pieza fue po\u00e9tica, pasional y con un sentimiento de soledad, que pone de manifiesto la madurez de la bailarina que es, sin duda, la mejor y m\u00e1s preparada que hay en La Laguna en el arte danc\u00edstico.<\/p>\n\n\n\n<p>Sara Ovalle ha crecido en t\u00e9cnica, interpretaci\u00f3n y ha roto sus mismos esquemas, es una bailarina consolida y esta obra lo demostr\u00f3.<\/p>\n\n\n\n<p>La noche cerr\u00f3 con \u201cAqueronte\u201d, pieza de Sara Ovalle para todos los integrantes de la compa\u00f1\u00eda, que termin\u00f3 con una imagen po\u00e9tica: una columna de arena cay\u00f3 del techo sobre el cuerpo de los bailarines, quienes la recibieron como si fuera la luz de un r\u00edo que los llenaba de paz, tal vez, de esa fuerza necesaria para seguir bailando.<\/p>\n","protected":false},"excerpt":{"rendered":"<p>Cuando vi la portada del programa de mano de la funci\u00f3n de estrenos por el 25 aniversario de Mezquite, danza contempor\u00e1nea; vino a mi memoria la coreograf\u00eda \u201cFalta de calcio\u201d, &hellip; <a href=\"https:\/\/lavereda.com.mx\/index.php\/2023\/06\/11\/mezquite-la-fuerza-de-seguir-bailando\/\" class=\"more-link\">Leer m\u00e1s<\/a><\/p>\n","protected":false},"author":9,"featured_media":7154,"comment_status":"open","ping_status":"open","sticky":false,"template":"","format":"standard","meta":{"footnotes":""},"categories":[2,18],"tags":[45],"class_list":["post-5195","post","type-post","status-publish","format-standard","has-post-thumbnail","hentry","category-artes-escenicas","category-lomasrelevante","tag-danza","entry"],"_links":{"self":[{"href":"https:\/\/lavereda.com.mx\/index.php\/wp-json\/wp\/v2\/posts\/5195","targetHints":{"allow":["GET"]}}],"collection":[{"href":"https:\/\/lavereda.com.mx\/index.php\/wp-json\/wp\/v2\/posts"}],"about":[{"href":"https:\/\/lavereda.com.mx\/index.php\/wp-json\/wp\/v2\/types\/post"}],"author":[{"embeddable":true,"href":"https:\/\/lavereda.com.mx\/index.php\/wp-json\/wp\/v2\/users\/9"}],"replies":[{"embeddable":true,"href":"https:\/\/lavereda.com.mx\/index.php\/wp-json\/wp\/v2\/comments?post=5195"}],"version-history":[{"count":4,"href":"https:\/\/lavereda.com.mx\/index.php\/wp-json\/wp\/v2\/posts\/5195\/revisions"}],"predecessor-version":[{"id":7156,"href":"https:\/\/lavereda.com.mx\/index.php\/wp-json\/wp\/v2\/posts\/5195\/revisions\/7156"}],"wp:featuredmedia":[{"embeddable":true,"href":"https:\/\/lavereda.com.mx\/index.php\/wp-json\/wp\/v2\/media\/7154"}],"wp:attachment":[{"href":"https:\/\/lavereda.com.mx\/index.php\/wp-json\/wp\/v2\/media?parent=5195"}],"wp:term":[{"taxonomy":"category","embeddable":true,"href":"https:\/\/lavereda.com.mx\/index.php\/wp-json\/wp\/v2\/categories?post=5195"},{"taxonomy":"post_tag","embeddable":true,"href":"https:\/\/lavereda.com.mx\/index.php\/wp-json\/wp\/v2\/tags?post=5195"}],"curies":[{"name":"wp","href":"https:\/\/api.w.org\/{rel}","templated":true}]}}