{"id":5192,"date":"2023-06-10T17:52:32","date_gmt":"2023-06-10T17:52:32","guid":{"rendered":"http:\/\/lavereda.com.mx\/?p=5192"},"modified":"2023-06-10T17:52:34","modified_gmt":"2023-06-10T17:52:34","slug":"el-hijo","status":"publish","type":"post","link":"https:\/\/lavereda.com.mx\/index.php\/2023\/06\/10\/el-hijo\/","title":{"rendered":"El Hijo"},"content":{"rendered":"\n<p><strong>The son, 2023<\/strong><\/p>\n\n\n\n<p><strong>Amazon Prime Video<\/strong><\/p>\n\n\n\n<p>En manos del director y escritor Florian Zeller, Hugh Jackman demuestra que puede ser un buen actor, adem\u00e1s de superh\u00e9roe y figura de acci\u00f3n.<\/p>\n\n\n\n<p>En este intenso sicodrama es Peter, un padre de familia pr\u00f3spero, que tiene una vida so\u00f1ada con su segunda esposa, con la que tiene un beb\u00e9. Inesperadamente regresa a su vida su anterior c\u00f3nyuge, Laura Dern para decirle que el hijo que tuvieron, ya adolescente enfrenta numerosos problemas relacionados con la depresi\u00f3n y el suicidio.<\/p>\n\n\n\n<p>Comprometido a no permitir que ocurran, en su hijo, los sufrimientos que padeci\u00f3 con su propio padre, Peter busca darle una buena vida al chico, pese a su deteriorada salud mental, pese a su corta edad.<\/p>\n\n\n\n<p>Aunque el material y la resoluci\u00f3n anticipada ya han sido vistas con mucha antelaci\u00f3n, se percibe un gran trabajo de guion para presentar una serie de problemas dom\u00e9sticos, que le pueden pasar a cualquiera.<\/p>\n\n\n\n<p>Hay que tener listos los pa\u00f1uelos para el llanto.<\/p>\n\n\n\n<p>(R. Restringido; menores de 17 deben estar acompa\u00f1ados de sus padres)<\/p>\n\n\n\n<p>@LucianoCamposG<\/p>\n\n\n\n<figure class=\"wp-block-embed is-type-video is-provider-youtube wp-block-embed-youtube wp-embed-aspect-16-9 wp-has-aspect-ratio\"><div class=\"wp-block-embed__wrapper\">\n<iframe title=\"THE SON Trailer (2022) SUBTITULADO [HD] Hugh Jackman, Anthony Hopkins\" width=\"1170\" height=\"658\" src=\"https:\/\/www.youtube.com\/embed\/R_7lNWknW1k?feature=oembed\" frameborder=\"0\" allow=\"accelerometer; autoplay; clipboard-write; encrypted-media; gyroscope; picture-in-picture; web-share\" allowfullscreen><\/iframe>\n<\/div><\/figure>\n","protected":false},"excerpt":{"rendered":"<p>The son, 2023 Amazon Prime Video En manos del director y escritor Florian Zeller, Hugh Jackman demuestra que puede ser un buen actor, adem\u00e1s de superh\u00e9roe y figura de acci\u00f3n. &hellip; <a href=\"https:\/\/lavereda.com.mx\/index.php\/2023\/06\/10\/el-hijo\/\" class=\"more-link\">Leer m\u00e1s<\/a><\/p>\n","protected":false},"author":3,"featured_media":5193,"comment_status":"open","ping_status":"open","sticky":false,"template":"","format":"standard","meta":{"footnotes":""},"categories":[6,18],"tags":[40],"class_list":["post-5192","post","type-post","status-publish","format-standard","has-post-thumbnail","hentry","category-cinetv","category-lomasrelevante","tag-cine","entry"],"_links":{"self":[{"href":"https:\/\/lavereda.com.mx\/index.php\/wp-json\/wp\/v2\/posts\/5192","targetHints":{"allow":["GET"]}}],"collection":[{"href":"https:\/\/lavereda.com.mx\/index.php\/wp-json\/wp\/v2\/posts"}],"about":[{"href":"https:\/\/lavereda.com.mx\/index.php\/wp-json\/wp\/v2\/types\/post"}],"author":[{"embeddable":true,"href":"https:\/\/lavereda.com.mx\/index.php\/wp-json\/wp\/v2\/users\/3"}],"replies":[{"embeddable":true,"href":"https:\/\/lavereda.com.mx\/index.php\/wp-json\/wp\/v2\/comments?post=5192"}],"version-history":[{"count":1,"href":"https:\/\/lavereda.com.mx\/index.php\/wp-json\/wp\/v2\/posts\/5192\/revisions"}],"predecessor-version":[{"id":5194,"href":"https:\/\/lavereda.com.mx\/index.php\/wp-json\/wp\/v2\/posts\/5192\/revisions\/5194"}],"wp:featuredmedia":[{"embeddable":true,"href":"https:\/\/lavereda.com.mx\/index.php\/wp-json\/wp\/v2\/media\/5193"}],"wp:attachment":[{"href":"https:\/\/lavereda.com.mx\/index.php\/wp-json\/wp\/v2\/media?parent=5192"}],"wp:term":[{"taxonomy":"category","embeddable":true,"href":"https:\/\/lavereda.com.mx\/index.php\/wp-json\/wp\/v2\/categories?post=5192"},{"taxonomy":"post_tag","embeddable":true,"href":"https:\/\/lavereda.com.mx\/index.php\/wp-json\/wp\/v2\/tags?post=5192"}],"curies":[{"name":"wp","href":"https:\/\/api.w.org\/{rel}","templated":true}]}}