{"id":5186,"date":"2023-06-09T01:09:49","date_gmt":"2023-06-09T01:09:49","guid":{"rendered":"http:\/\/lavereda.com.mx\/?p=5186"},"modified":"2023-06-09T01:09:50","modified_gmt":"2023-06-09T01:09:50","slug":"yo-vivaldi-el-espectaculo-que-reune-musica-danza-teatro-y-pintura","status":"publish","type":"post","link":"https:\/\/lavereda.com.mx\/index.php\/2023\/06\/09\/yo-vivaldi-el-espectaculo-que-reune-musica-danza-teatro-y-pintura\/","title":{"rendered":"Yo Vivaldi: el espect\u00e1culo que re\u00fane m\u00fasica, danza, teatro y pintura"},"content":{"rendered":"\n<p>La Asociaci\u00f3n Civil DIME presenta la puesta en escena \u201cYo Vivaldi\u201d que busca mostrar \u201cc\u00f3mo es posible trascender y enriquecer el esp\u00edritu a trav\u00e9s de la m\u00fasica, siguiendo la vida de uno de los m\u00e1s grandes compositores de la historia, a saber, Antonio Vivaldi\u201d, coment\u00f3 el director y maestro Miguel \u00c1ngel Garc\u00eda.<\/p>\n\n\n\n<p>Este espect\u00e1culo que re\u00fane a 60 artistas en escena tendr\u00e1 dos funciones: el 10 de junio a las 19:00 horas en el Teatro Isauro Martinez y el 25 de junio a las 19:00 horas en el Teatro Nazas.&nbsp;<\/p>\n\n\n\n<p>\u00bfQui\u00e9n es DIME, A.C.?<\/p>\n\n\n\n<p>Es una asociaci\u00f3n civil cuya misi\u00f3n es el desarrollo de ni\u00f1os y j\u00f3venes de comunidades vulnerables de la regi\u00f3n a trav\u00e9s brindar experiencias de alto impacto emocional a trav\u00e9s de la m\u00fasica. DIME trabaja en 10 localidades de la Comarca Lagunera apoyando a m\u00e1s de 670 ni\u00f1os y j\u00f3venes.<\/p>\n\n\n\n<p>Con un guion concebido por Miguel \u00c1ngel Garc\u00eda, director art\u00edstico de DIME, \u201cYo Vivaldi\u201d se consolid\u00f3 como un proyecto que no s\u00f3lo presenta el aspecto dram\u00e1tico, sino que tambi\u00e9n contempla la danza, la m\u00fasica, coros y \u00f3pera. Para ello fue menester convocar a artistas laguneros que compartieran esa visi\u00f3n de hacer de las bellas artes el verdadero alimento del esp\u00edritu.<\/p>\n\n\n\n<p>En la parte actoral, la reconocida actriz Karina Carrasco tom\u00f3 las riendas a trav\u00e9s de su compa\u00f1\u00eda Luci\u00e9rnaga Teatro, que no solamente incluy\u00f3 a sus miembros, sino que se dio a la tarea de formar actores invitados a esta puesta en escena.<\/p>\n\n\n\n<p>Por su parte, el maestro Ricardo Lugo, director de Tierra en Movimiento, hizo lo propio al traducir conceptos como el asma, la m\u00fasica y la muerte de Vivaldi en una propuesta danc\u00edstica plena de emociones y dramatismo.<\/p>\n\n\n\n<p>La reconocida mezzosoprano Melissa Reuter, enriquece a su vez \u201cYo Vivaldi\u201d, interpretando la virtuosa aria \u201cVedro con mio diletto\u201d de la \u00f3pera vivaldiana Il Gustino, en una de las escenas culmen donde Vivaldi conociera a su \u201ccompa\u00f1era\u201d Anna Giraud. La parte vocal es as\u00ed mismo enriquecida por la soprano Sara Graciano y el tenor Abd\u00edas Vel\u00e1zquez quienes har\u00e1n lo propio mostrando la riqueza de la propuesta oper\u00edstica de genio veneciano. Ser\u00e1 el coro del Estudio de \u00d3pera de la Secretar\u00eda de Cultura de G\u00f3mez Palacio Dgo, bajo la direcci\u00f3n del tenor mexicano Octavio Rivas, quien tendr\u00e1 a cargo la interpretaci\u00f3n del Gloria de Vivaldi.<\/p>\n\n\n\n<p>La m\u00fasica estar\u00e1 a cargo del ensamble barroco I Solisti DIME, conformado por los ni\u00f1os y j\u00f3venes m\u00e1s talentosos de los m\u00e1s de 600 integrantes de las filas de m\u00fasicos DIME. Se interpretar\u00e1n conciertos para viol\u00edn, corno y sinfon\u00edas de Antonio Vivaldi para dar un especial sentido y vida a la propuesta esc\u00e9nica.<\/p>\n\n\n\n<p>Asimismo, liderados por el reconocido pintor Gerardo Beuchot, 11 artistas se dieron a la tarea de plasmar el concepto Vivaldi en una muestra que acompa\u00f1ar\u00e1 la puesta en escena. La muestra pict\u00f3rica podr\u00e1 apreciarse y comprarse en el Museo de la Revoluci\u00f3n y en el Teatro Nazas.<\/p>\n\n\n\n<p>Coordinados por Ana Rend\u00f3n, directora administrativa de DIME, escen\u00f3grafos, vestuaristas, dise\u00f1adores, tramoyistas y staff en general, \u201cYo Vivaldi\u201d aglutina a m\u00e1s de 60 actores y artistas en escena, en una puesta en escena sin precedentes en la regi\u00f3n.<\/p>\n","protected":false},"excerpt":{"rendered":"<p>La Asociaci\u00f3n Civil DIME presenta la puesta en escena \u201cYo Vivaldi\u201d que busca mostrar \u201cc\u00f3mo es posible trascender y enriquecer el esp\u00edritu a trav\u00e9s de la m\u00fasica, siguiendo la vida &hellip; <a href=\"https:\/\/lavereda.com.mx\/index.php\/2023\/06\/09\/yo-vivaldi-el-espectaculo-que-reune-musica-danza-teatro-y-pintura\/\" class=\"more-link\">Leer m\u00e1s<\/a><\/p>\n","protected":false},"author":9,"featured_media":5187,"comment_status":"open","ping_status":"open","sticky":false,"template":"","format":"standard","meta":{"footnotes":""},"categories":[2,4],"tags":[],"class_list":["post-5186","post","type-post","status-publish","format-standard","has-post-thumbnail","hentry","category-artes-escenicas","category-musica","entry"],"_links":{"self":[{"href":"https:\/\/lavereda.com.mx\/index.php\/wp-json\/wp\/v2\/posts\/5186","targetHints":{"allow":["GET"]}}],"collection":[{"href":"https:\/\/lavereda.com.mx\/index.php\/wp-json\/wp\/v2\/posts"}],"about":[{"href":"https:\/\/lavereda.com.mx\/index.php\/wp-json\/wp\/v2\/types\/post"}],"author":[{"embeddable":true,"href":"https:\/\/lavereda.com.mx\/index.php\/wp-json\/wp\/v2\/users\/9"}],"replies":[{"embeddable":true,"href":"https:\/\/lavereda.com.mx\/index.php\/wp-json\/wp\/v2\/comments?post=5186"}],"version-history":[{"count":1,"href":"https:\/\/lavereda.com.mx\/index.php\/wp-json\/wp\/v2\/posts\/5186\/revisions"}],"predecessor-version":[{"id":5188,"href":"https:\/\/lavereda.com.mx\/index.php\/wp-json\/wp\/v2\/posts\/5186\/revisions\/5188"}],"wp:featuredmedia":[{"embeddable":true,"href":"https:\/\/lavereda.com.mx\/index.php\/wp-json\/wp\/v2\/media\/5187"}],"wp:attachment":[{"href":"https:\/\/lavereda.com.mx\/index.php\/wp-json\/wp\/v2\/media?parent=5186"}],"wp:term":[{"taxonomy":"category","embeddable":true,"href":"https:\/\/lavereda.com.mx\/index.php\/wp-json\/wp\/v2\/categories?post=5186"},{"taxonomy":"post_tag","embeddable":true,"href":"https:\/\/lavereda.com.mx\/index.php\/wp-json\/wp\/v2\/tags?post=5186"}],"curies":[{"name":"wp","href":"https:\/\/api.w.org\/{rel}","templated":true}]}}