{"id":5173,"date":"2023-06-02T16:54:46","date_gmt":"2023-06-02T16:54:46","guid":{"rendered":"http:\/\/lavereda.com.mx\/?p=5173"},"modified":"2023-06-02T16:54:48","modified_gmt":"2023-06-02T16:54:48","slug":"que-viva-mexico","status":"publish","type":"post","link":"https:\/\/lavereda.com.mx\/index.php\/2023\/06\/02\/que-viva-mexico\/","title":{"rendered":"\u00a1Que viva M\u00e9xico!"},"content":{"rendered":"\n<p><strong>\u00a1Que viva M\u00e9xico!, 2023<\/strong><\/p>\n\n\n\n<p><strong>Netflix<\/strong><\/p>\n\n\n\n<p>La pel\u00edcula mexicana m\u00e1s esperada de los \u00faltimos a\u00f1os es un intento por presentar un retrato de la realidad pol\u00edtica y social del pa\u00eds, mediante estampas conocidas de la pobreza, la corrupci\u00f3n y la apat\u00eda de los mexicanos.<\/p>\n\n\n\n<p>En el universo del director Luis Estrada, los mexicanos son huevones,irresponsables y tontos. La corrupci\u00f3n los llama permanentemente para solucionar sus problemas por el camino f\u00e1cil, y su destino es tr\u00e1gico, pues, al final, terminan jodidos por su mala estrella, si no es que los gringos les ganan la partida.<\/p>\n\n\n\n<p>En forma de comedia pol\u00edtica, la cinta pretende ser una cr\u00edtica social sobre la forma en que gobierna el actual presidente, Andr\u00e9s Manuel L\u00f3pez Obrador. Sin embargo, el intento se queda corto, pues solo hay referencia al Mandatario de Morena y el grueso de la pel\u00edcula se concentra en presentar un retrato bufo de c\u00f3mo es el paisanito en el entorno rural.<\/p>\n\n\n\n<p>Continuaci\u00f3n de la s\u00f3lida trilog\u00eda de su autor\u00eda, La Ley de Herodes (1999), El Infierno (2010) y La Dictadura Perfecta (2014), esta nueva cinta parece hecha con 50 a\u00f1os de atraso y se remite a las mismas inquietudes que presentaban los realizadores con el cine de autor que antes era censurable.<\/p>\n\n\n\n<p>La historia es m\u00ednima: una pareja de j\u00f3venes de clase acomodada, Alfonso Herrera y Ana de la Reguera tiene que ir al pueblo de donde sali\u00f3 \u00e9l para ver asunto de una herencia cuantiosa que ha dejado su difunto padre. Al llegar encuentran a una familia numerosa, de gente bruta y r\u00fastica que les pelea el legado que los sacar\u00e1 de pobres.<\/p>\n\n\n\n<p>Tienen papeles m\u00faltiples Dami\u00e1n Alc\u00e1zar y Joaqu\u00edn Cos\u00edo. Tambi\u00e9n aparecen Ana Mart\u00edn, Luis Fernando Pe\u00f1a, Leticia Huijara, Ferm\u00edn Mart\u00ednez, entre otros.<\/p>\n\n\n\n<p>Es una cinta que incumple con lo que promete.<\/p>\n\n\n\n<p>(NC-17. No apto para menores de 18)<\/p>\n\n\n\n<p>@LucianoCamposG<\/p>\n\n\n\n<figure class=\"wp-block-embed is-type-video is-provider-youtube wp-block-embed-youtube wp-embed-aspect-16-9 wp-has-aspect-ratio\"><div class=\"wp-block-embed__wrapper\">\n<iframe title=\"\u00a1Que Viva M\u00e9xico! - Tr\u00e1iler Oficial\" width=\"1170\" height=\"658\" src=\"https:\/\/www.youtube.com\/embed\/DQ0UqBQ_AII?feature=oembed\" frameborder=\"0\" allow=\"accelerometer; autoplay; clipboard-write; encrypted-media; gyroscope; picture-in-picture; web-share\" allowfullscreen><\/iframe>\n<\/div><\/figure>\n","protected":false},"excerpt":{"rendered":"<p>\u00a1Que viva M\u00e9xico!, 2023 Netflix La pel\u00edcula mexicana m\u00e1s esperada de los \u00faltimos a\u00f1os es un intento por presentar un retrato de la realidad pol\u00edtica y social del pa\u00eds, mediante &hellip; <a href=\"https:\/\/lavereda.com.mx\/index.php\/2023\/06\/02\/que-viva-mexico\/\" class=\"more-link\">Leer m\u00e1s<\/a><\/p>\n","protected":false},"author":3,"featured_media":5174,"comment_status":"open","ping_status":"open","sticky":false,"template":"","format":"standard","meta":{"footnotes":""},"categories":[6,18],"tags":[40,56],"class_list":["post-5173","post","type-post","status-publish","format-standard","has-post-thumbnail","hentry","category-cinetv","category-lomasrelevante","tag-cine","tag-netflix","entry"],"_links":{"self":[{"href":"https:\/\/lavereda.com.mx\/index.php\/wp-json\/wp\/v2\/posts\/5173","targetHints":{"allow":["GET"]}}],"collection":[{"href":"https:\/\/lavereda.com.mx\/index.php\/wp-json\/wp\/v2\/posts"}],"about":[{"href":"https:\/\/lavereda.com.mx\/index.php\/wp-json\/wp\/v2\/types\/post"}],"author":[{"embeddable":true,"href":"https:\/\/lavereda.com.mx\/index.php\/wp-json\/wp\/v2\/users\/3"}],"replies":[{"embeddable":true,"href":"https:\/\/lavereda.com.mx\/index.php\/wp-json\/wp\/v2\/comments?post=5173"}],"version-history":[{"count":1,"href":"https:\/\/lavereda.com.mx\/index.php\/wp-json\/wp\/v2\/posts\/5173\/revisions"}],"predecessor-version":[{"id":5175,"href":"https:\/\/lavereda.com.mx\/index.php\/wp-json\/wp\/v2\/posts\/5173\/revisions\/5175"}],"wp:featuredmedia":[{"embeddable":true,"href":"https:\/\/lavereda.com.mx\/index.php\/wp-json\/wp\/v2\/media\/5174"}],"wp:attachment":[{"href":"https:\/\/lavereda.com.mx\/index.php\/wp-json\/wp\/v2\/media?parent=5173"}],"wp:term":[{"taxonomy":"category","embeddable":true,"href":"https:\/\/lavereda.com.mx\/index.php\/wp-json\/wp\/v2\/categories?post=5173"},{"taxonomy":"post_tag","embeddable":true,"href":"https:\/\/lavereda.com.mx\/index.php\/wp-json\/wp\/v2\/tags?post=5173"}],"curies":[{"name":"wp","href":"https:\/\/api.w.org\/{rel}","templated":true}]}}