{"id":517,"date":"2020-08-28T15:36:25","date_gmt":"2020-08-28T15:36:25","guid":{"rendered":"http:\/\/lavereda.com.mx\/?p=517"},"modified":"2020-08-28T15:36:27","modified_gmt":"2020-08-28T15:36:27","slug":"cine-tv-las-horas-mas-oscuras","status":"publish","type":"post","link":"https:\/\/lavereda.com.mx\/index.php\/2020\/08\/28\/cine-tv-las-horas-mas-oscuras\/","title":{"rendered":"Cine TV: Las Horas M\u00e1s Oscuras"},"content":{"rendered":"\n<p><strong>(Darkest Hour, 2017)<\/strong><\/p>\n\n\n\n<p>Gary Oldman reencarna en Winston Churchill en Las Horas M\u00e1s Oscuras, una intensa recreaci\u00f3n de los momentos en los que, encerrado en su b\u00fanker de Londres, como Primer Ministro de Inglaterra decide luchar contra Hitler, en lugar de negociar la paz o entregarle el pa\u00eds, que estaba en riesgo de ser invadido.<\/p>\n\n\n\n<p>Bajo plastas de impecable maquillaje, Oldman brilla en la mejor interpretaci\u00f3n de su carrera, al meterse bajo la piel de un verdadero hombre de Estado, agudo, inteligente, adorador del whisky y los habanos, que apoya sus razonamientos en una visi\u00f3n pr\u00e1ctica y muy c\u00ednica de la vida.<\/p>\n\n\n\n<p>M\u00e1s all\u00e1 del arte, con recreaci\u00f3n perfecta de vestuarios y ambientaci\u00f3n, especialidad del director Joe Wright, la pel\u00edcula es vibrante por su complejidad tem\u00e1tica, al exponer, con sorprendente precisi\u00f3n, los momentos m\u00e1s \u00edntimos del prohombre que tuvo que sobreponerse a la oposici\u00f3n del rey y de los pol\u00edticos de su pa\u00eds, para tomar la m\u00e1s dif\u00edcil decisi\u00f3n de su vida, una que cambi\u00f3 para siempre la historia de la humanidad.<\/p>\n\n\n\n<p>La narrativa coloca a Churchill en el centro de la acci\u00f3n, aunque por momentos hay sutiles cambios de perspectiva, pues tambi\u00e9n participan, como testigos de primera mano, exponiendo los hechos, la secretaria eficiente y de baj\u00edsimo perfil (Lily James) y la esposa (Kirstin Scott Thomas, siempre magn\u00edfica).<\/p>\n\n\n\n<p>La tensi\u00f3n se concentra en las determinaciones del Primer Ministro, quien camina en las catacumbas donde est\u00e1 escondido, y donde la luz es escasa. Abrumado por acontecimientos que podr\u00edan rebasar a cualquiera, este hombre se par\u00f3 frente al destino, lo encar\u00f3 y orden\u00f3 a su Ej\u00e9rcito acciones sabias, en medio de dificultades extremas, que no se conoc\u00edan, hasta ahora.<\/p>\n\n\n\n<p>Oldman, en un plan superior, ofrece una c\u00e1tedra de dos horas sobre lo que es una colosal actuaci\u00f3n. Se sobrepone, incluso, al maquillaje y la m\u00e1scara de l\u00e1tex, para ense\u00f1ar la mirada, la postura de un hombre decidido, que desafi\u00f3 y derrot\u00f3 la mayor amenaza que el mundo enfrent\u00f3 en su tiempo.<\/p>\n\n\n\n<p>(PG-13. Orientaci\u00f3n de los padres a menores de 13 a\u00f1os)<\/p>\n\n\n\n<p>Netflix<\/p>\n\n\n\n<p>Twitter @LucianoCamposG<\/p>\n","protected":false},"excerpt":{"rendered":"<p>Gary Oldman reencarna en Winston Churchill en Las Horas M\u00e1s Oscuras, una intensa recreaci\u00f3n de los momentos en los que, encerrado en su b\u00fanker de Londres,<\/p>\n","protected":false},"author":3,"featured_media":518,"comment_status":"open","ping_status":"open","sticky":false,"template":"","format":"standard","meta":{"footnotes":""},"categories":[6],"tags":[],"class_list":["post-517","post","type-post","status-publish","format-standard","has-post-thumbnail","hentry","category-cinetv","entry"],"_links":{"self":[{"href":"https:\/\/lavereda.com.mx\/index.php\/wp-json\/wp\/v2\/posts\/517","targetHints":{"allow":["GET"]}}],"collection":[{"href":"https:\/\/lavereda.com.mx\/index.php\/wp-json\/wp\/v2\/posts"}],"about":[{"href":"https:\/\/lavereda.com.mx\/index.php\/wp-json\/wp\/v2\/types\/post"}],"author":[{"embeddable":true,"href":"https:\/\/lavereda.com.mx\/index.php\/wp-json\/wp\/v2\/users\/3"}],"replies":[{"embeddable":true,"href":"https:\/\/lavereda.com.mx\/index.php\/wp-json\/wp\/v2\/comments?post=517"}],"version-history":[{"count":1,"href":"https:\/\/lavereda.com.mx\/index.php\/wp-json\/wp\/v2\/posts\/517\/revisions"}],"predecessor-version":[{"id":519,"href":"https:\/\/lavereda.com.mx\/index.php\/wp-json\/wp\/v2\/posts\/517\/revisions\/519"}],"wp:featuredmedia":[{"embeddable":true,"href":"https:\/\/lavereda.com.mx\/index.php\/wp-json\/wp\/v2\/media\/518"}],"wp:attachment":[{"href":"https:\/\/lavereda.com.mx\/index.php\/wp-json\/wp\/v2\/media?parent=517"}],"wp:term":[{"taxonomy":"category","embeddable":true,"href":"https:\/\/lavereda.com.mx\/index.php\/wp-json\/wp\/v2\/categories?post=517"},{"taxonomy":"post_tag","embeddable":true,"href":"https:\/\/lavereda.com.mx\/index.php\/wp-json\/wp\/v2\/tags?post=517"}],"curies":[{"name":"wp","href":"https:\/\/api.w.org\/{rel}","templated":true}]}}