{"id":5169,"date":"2023-05-30T02:00:20","date_gmt":"2023-05-30T02:00:20","guid":{"rendered":"http:\/\/lavereda.com.mx\/?p=5169"},"modified":"2023-05-30T02:00:21","modified_gmt":"2023-05-30T02:00:21","slug":"david-toscana-gana-v-premio-bienal-de-novela-mario-vargas-llosa","status":"publish","type":"post","link":"https:\/\/lavereda.com.mx\/index.php\/2023\/05\/30\/david-toscana-gana-v-premio-bienal-de-novela-mario-vargas-llosa\/","title":{"rendered":"David Toscana gana V Premio Bienal de Novela Mario Vargas Llosa"},"content":{"rendered":"\n<ul class=\"wp-block-list\"><li><strong>La obra del escritor mexicano fue seleccionada de entre seis novelas finalistas durante esta quinta edici\u00f3n<\/strong><\/li><\/ul>\n\n\n\n<p>Por su fuerza innovadora en el panorama de las letras hisp\u00e1nicas y debido a la riqueza de los recursos narrativos implicados en su creaci\u00f3n, la novela<em>\u00a0El peso de vivir en la tierra<\/em>, del escritor mexicano David Toscana, fue la obra ganadora en la V Bienal de Novela Mario Vargas Llosa, inform\u00f3 la Universidad de Guadalajara.<\/p>\n\n\n\n<p>La novela ganadora fue seleccionada de entre seis obras finalistas y resalta la labor de la imaginaci\u00f3n como una herramienta ante las adversidades para dar dignidad y riqueza a la existencia y luchar contra los obst\u00e1culos de la libertad, indic\u00f3 la escritora Soledad \u00c1lvarez, presidenta del Jurado.<\/p>\n\n\n\n<p>\u201cLa novela ganadora ha creado un pu\u00f1ado de personajes inmensamente conmovedores, pero sobre todo, nos propone a sus lectores una profunda meditaci\u00f3n de orgullosa estirpe cervantina sobre el poder de la imaginaci\u00f3n en nuestras vidas\u201d, detall\u00f3, y mencion\u00f3 que la decisi\u00f3n del jurado fue tomada por mayor\u00eda.<\/p>\n\n\n\n<p>El escritor galardonado agradeci\u00f3 el reconocimiento y mencion\u00f3 que a trav\u00e9s de esta novela se encuentran implicados diversos escritoras y escritores que han dedicado su vida a la literatura y a que \u00e9sta llegue a m\u00e1s personas.<\/p>\n\n\n\n<p>\u201cEsta novela nace de una voluntad de hacerle un homenaje a tantos escritores que dieron la vida por la literatura\u201d, subray\u00f3.<\/p>\n\n\n\n<p>Record\u00f3 que existieron casos de poetas rusos que fueron reprimidos, quienes buscaban resaltar la dignidad de los individuos que encontraba a trav\u00e9s de la literatura.<\/p>\n\n\n\n<p>\u201cEn muchos lugares se sigue persiguiendo a la gente por lo que escriben. Si de algo puede servir lo que hablo o lo que escribo es para darle a la literatura ese peso que debe tener en nuestras vidas\u201d, se\u00f1al\u00f3.<\/p>\n\n\n\n<p>Junto con Toscana, los otros finalistas fueron Piedad Bonnet, con&nbsp;<em>Qu\u00e9 hacer con estos pedazos<\/em>; Cristina Rivera Garza con&nbsp;<em>El invencible verano de Liliana<\/em>; Brenda Navarro con&nbsp;<em>Ceniza en la boca<\/em>; H\u00e9ctor Abad Faciolince con&nbsp;<em>Salvo mi coraz\u00f3n, todo est\u00e1 bien<\/em>, y Juan Tall\u00f3n con&nbsp;<em>Obra maestra<\/em>.<\/p>\n\n\n\n<p>Por su parte, Ra\u00fal Tola, director de la C\u00e1tedra Mario Vargas Llosa, mencion\u00f3 que durante los d\u00edas que dur\u00f3 la V Bienal participaron m\u00e1s de 30 escritores de pa\u00edses como Per\u00fa, M\u00e9xico, Espa\u00f1a, Colombia, Rep\u00fablica Dominicana y Guatemala.<\/p>\n\n\n\n<p>\u201cAsistimos a mesas redondas sobre la persistencia de la escritura, la violencia pol\u00edtica, la literatura como arma para la paz o la larga tradici\u00f3n literaria de autoritarismos y guerras internas que atraviesa el territorio iberoamericano\u201d, manifest\u00f3.<\/p>\n\n\n\n<p><strong>Una jornada de libertad y literatura<\/strong><\/p>\n\n\n\n<p>El escritor peruano Mario Vargas Llosa calific\u00f3 como un \u00e9xito a esta V edici\u00f3n de la Bienal que lleva su nombre y agradeci\u00f3 a la Universidad de Guadalajara (UdeG) y a la Feria Internacional del Libro (FIL) el apoyo brindado a las y los escritores que han participado en esta convocatoria de novela.<\/p>\n\n\n\n<p>\u201cFelicito a todos los finalistas por hab\u00e9rselas puesto tan dif\u00edcil al jurado con sus obras y haber despertado con sus intervenciones la curiosidad de muchos lectores que no las han le\u00eddo todav\u00eda, pero que estoy seguro de que no tardar\u00e1n en hacerlo\u201d, asever\u00f3.<\/p>\n\n\n\n<p>Durante la clausura de esta edici\u00f3n de la Bienal, el escritor record\u00f3 el trabajo de Ra\u00fal Padilla L\u00f3pez en la organizaciones de cert\u00e1menes culturales como \u00e9ste y asegur\u00f3 que su memoria ser\u00e1 un aliciente al realizar futuras ediciones.<\/p>\n\n\n\n<p>La directora de la FIL, Marisol Schulz, mencion\u00f3 que durante los cuatro d\u00edas que dur\u00f3 esta edici\u00f3n de la Bienal se dialog\u00f3 en torno a los retos de la literatura, as\u00ed como los desaf\u00edos que enfrentan aquellas personas que buscan la libertad a trav\u00e9s de las palabras.<\/p>\n\n\n\n<p>\u201cSus autores han sido protagonistas de esta reuni\u00f3n que ha conjuntado voces muy diversas de la literatura actual en lengua espa\u00f1ola. Los distintos autores participantes en este certamen literario han coincidido en la necesidad y la confianza de seguir contando historias\u201d, dijo.<\/p>\n\n\n\n<p>Enfatiz\u00f3 que la literatura promueve caminos de paz, respeto, y comprensi\u00f3n, valores que foment\u00f3 Ra\u00fal Padilla L\u00f3pez en los proyectos que impuls\u00f3.<\/p>\n\n\n\n<p>\u201cSu figura y su gran legado estuvieron presentes en las mesas de di\u00e1logo y en las discusiones de quienes asistimos a estas jornadas literarias\u201d.<\/p>\n","protected":false},"excerpt":{"rendered":"<p>La obra del escritor mexicano fue seleccionada de entre seis novelas finalistas durante esta quinta edici\u00f3n Por su fuerza innovadora en el panorama de las letras hisp\u00e1nicas y debido a &hellip; <a href=\"https:\/\/lavereda.com.mx\/index.php\/2023\/05\/30\/david-toscana-gana-v-premio-bienal-de-novela-mario-vargas-llosa\/\" class=\"more-link\">Leer m\u00e1s<\/a><\/p>\n","protected":false},"author":1,"featured_media":5170,"comment_status":"open","ping_status":"open","sticky":false,"template":"","format":"standard","meta":{"footnotes":""},"categories":[5,18],"tags":[32],"class_list":["post-5169","post","type-post","status-publish","format-standard","has-post-thumbnail","hentry","category-letras-y-libros","category-lomasrelevante","tag-literatura","entry"],"_links":{"self":[{"href":"https:\/\/lavereda.com.mx\/index.php\/wp-json\/wp\/v2\/posts\/5169","targetHints":{"allow":["GET"]}}],"collection":[{"href":"https:\/\/lavereda.com.mx\/index.php\/wp-json\/wp\/v2\/posts"}],"about":[{"href":"https:\/\/lavereda.com.mx\/index.php\/wp-json\/wp\/v2\/types\/post"}],"author":[{"embeddable":true,"href":"https:\/\/lavereda.com.mx\/index.php\/wp-json\/wp\/v2\/users\/1"}],"replies":[{"embeddable":true,"href":"https:\/\/lavereda.com.mx\/index.php\/wp-json\/wp\/v2\/comments?post=5169"}],"version-history":[{"count":1,"href":"https:\/\/lavereda.com.mx\/index.php\/wp-json\/wp\/v2\/posts\/5169\/revisions"}],"predecessor-version":[{"id":5171,"href":"https:\/\/lavereda.com.mx\/index.php\/wp-json\/wp\/v2\/posts\/5169\/revisions\/5171"}],"wp:featuredmedia":[{"embeddable":true,"href":"https:\/\/lavereda.com.mx\/index.php\/wp-json\/wp\/v2\/media\/5170"}],"wp:attachment":[{"href":"https:\/\/lavereda.com.mx\/index.php\/wp-json\/wp\/v2\/media?parent=5169"}],"wp:term":[{"taxonomy":"category","embeddable":true,"href":"https:\/\/lavereda.com.mx\/index.php\/wp-json\/wp\/v2\/categories?post=5169"},{"taxonomy":"post_tag","embeddable":true,"href":"https:\/\/lavereda.com.mx\/index.php\/wp-json\/wp\/v2\/tags?post=5169"}],"curies":[{"name":"wp","href":"https:\/\/api.w.org\/{rel}","templated":true}]}}