{"id":514,"date":"2020-08-27T15:22:30","date_gmt":"2020-08-27T15:22:30","guid":{"rendered":"http:\/\/lavereda.com.mx\/?p=514"},"modified":"2020-08-27T15:22:32","modified_gmt":"2020-08-27T15:22:32","slug":"casa-de-la-musica-invita-a-sus-clases-virtuales","status":"publish","type":"post","link":"https:\/\/lavereda.com.mx\/index.php\/2020\/08\/27\/casa-de-la-musica-invita-a-sus-clases-virtuales\/","title":{"rendered":"Casa de la M\u00fasica invita a sus clases virtuales"},"content":{"rendered":"\n<p>El pasado lunes 24 de agosto la Casa de M\u00fasica de Torre\u00f3n A.C. que dirige el maestro Joel de Santiago inici\u00f3 su curso regular de clases de m\u00fasica, sin embargo, debido a la contingencia Covid-19 y acatando las disposiciones de las autoridades sanitarias, las clases se llevar\u00e1n a cabo a trav\u00e9s de la plataforma Zoom.<\/p>\n\n\n\n<p>El director de esta instituci\u00f3n se\u00f1al\u00f3 que el curso de verano musical realizado el pasado mes de julio, fue clave para lograr optimizar el uso de esta plataforma para poder ofrecer sus clases regulares, adem\u00e1s resalt\u00f3 que el periodo de inscripci\u00f3n gratuita para formar parte de este curso,&nbsp;<strong>se extender\u00e1 hasta el pr\u00f3ximo 11 de septiembre.<\/strong><\/p>\n\n\n\n<p>La convocatoria para este curso, est\u00e1 dirigida a hombres y mujeres de 10 a 18 a\u00f1os, las y los interesados pueden ponerse en contacto con los diferentes canales para iniciar su proceso de inscripci\u00f3n: al correo&nbsp;<a href=\"mailto:camutoac@hotmail.com\">camutoac@hotmail.com<\/a>, p\u00e1gina de Facebook \u201cCasa de M\u00fasica de Torre\u00f3n A. C. y al sitio web&nbsp;<a href=\"https:\/\/www.casademusicadetorreon.com\/\">https:\/\/www.casademusicadetorreon.com\/<\/a>.<\/p>\n\n\n\n<p>Las clases y cursos que ofrece la casa de m\u00fasica son: Trompeta, Flauta, Percusi\u00f3n, Solfeo, Guitarra Cl\u00e1sica, Violoncello, Contrabajo, Canto, Coro, Saxof\u00f3n, Clarinete, Corno Franc\u00e9s, Tromb\u00f3n, Tuba, Meditaci\u00f3n y Salud Emocional. Todas clases estar\u00e1n a cargo de maestras y maestros altamente&nbsp;capacitados en cada una de las especialidades, entre los que se encuentran, en su mayor\u00eda, integrantes de la Camerata de Coahuila.<\/p>\n\n\n\n<p>Cada curso est\u00e1 limitado a 20 alumnos por clase, las cuales&nbsp;&nbsp;se realizan de lunes a viernes de 18:00 a 20:00 horas. La Casa de M\u00fasica de Torre\u00f3n pondr\u00e1 a disposici\u00f3n el pr\u00e9stamo de sus instrumentos para los alumnos que as\u00ed lo requieran, limitado al n\u00famero de instrumentos con los que cuenta dicha instituci\u00f3n.<\/p>\n","protected":false},"excerpt":{"rendered":"<p>La convocatoria para este curso, est\u00e1 dirigida a hombres y mujeres de 10 a 18 a\u00f1os<\/p>\n","protected":false},"author":1,"featured_media":515,"comment_status":"open","ping_status":"open","sticky":false,"template":"","format":"standard","meta":{"footnotes":""},"categories":[4],"tags":[],"class_list":["post-514","post","type-post","status-publish","format-standard","has-post-thumbnail","hentry","category-musica","entry"],"_links":{"self":[{"href":"https:\/\/lavereda.com.mx\/index.php\/wp-json\/wp\/v2\/posts\/514","targetHints":{"allow":["GET"]}}],"collection":[{"href":"https:\/\/lavereda.com.mx\/index.php\/wp-json\/wp\/v2\/posts"}],"about":[{"href":"https:\/\/lavereda.com.mx\/index.php\/wp-json\/wp\/v2\/types\/post"}],"author":[{"embeddable":true,"href":"https:\/\/lavereda.com.mx\/index.php\/wp-json\/wp\/v2\/users\/1"}],"replies":[{"embeddable":true,"href":"https:\/\/lavereda.com.mx\/index.php\/wp-json\/wp\/v2\/comments?post=514"}],"version-history":[{"count":1,"href":"https:\/\/lavereda.com.mx\/index.php\/wp-json\/wp\/v2\/posts\/514\/revisions"}],"predecessor-version":[{"id":516,"href":"https:\/\/lavereda.com.mx\/index.php\/wp-json\/wp\/v2\/posts\/514\/revisions\/516"}],"wp:featuredmedia":[{"embeddable":true,"href":"https:\/\/lavereda.com.mx\/index.php\/wp-json\/wp\/v2\/media\/515"}],"wp:attachment":[{"href":"https:\/\/lavereda.com.mx\/index.php\/wp-json\/wp\/v2\/media?parent=514"}],"wp:term":[{"taxonomy":"category","embeddable":true,"href":"https:\/\/lavereda.com.mx\/index.php\/wp-json\/wp\/v2\/categories?post=514"},{"taxonomy":"post_tag","embeddable":true,"href":"https:\/\/lavereda.com.mx\/index.php\/wp-json\/wp\/v2\/tags?post=514"}],"curies":[{"name":"wp","href":"https:\/\/api.w.org\/{rel}","templated":true}]}}