{"id":5138,"date":"2023-05-19T16:31:27","date_gmt":"2023-05-19T16:31:27","guid":{"rendered":"http:\/\/lavereda.com.mx\/?p=5138"},"modified":"2023-05-19T18:29:42","modified_gmt":"2023-05-19T18:29:42","slug":"los-los-riesgos-del-ocio","status":"publish","type":"post","link":"https:\/\/lavereda.com.mx\/index.php\/2023\/05\/19\/los-los-riesgos-del-ocio\/","title":{"rendered":"Los Los riesgos del ocio"},"content":{"rendered":"\n<p>Esta semana he vuelto a manejar por los bulevares de la Comarca Lagunera y por el Diagonal Reforma y me he quedado impactada con algunos espectaculares de cierto partido que pretende ser ecol\u00f3gico. Un partido que, todos sabemos, lo que menos posee es una idea de lo que es vivir en el respeto a la naturaleza y al ser humano.<\/p>\n\n\n\n<p>Para comenzar, si fueran cuidadosos con el medio ambiente, no tendr\u00edan espectaculares que ya sabemos que son fuente de contaminaci\u00f3n visual y un peligro real en nuestra zona, debido a los vientos tan fuertes que tenemos de vez en vez.<\/p>\n\n\n\n<p>El partido en cuesti\u00f3n, lo mismo que todos los dem\u00e1s, han gastado en campa\u00f1as llenas de basura pl\u00e1stica, contaminaci\u00f3n visual, auditiva, emocional y de todo tipo; es una maldici\u00f3n de cada a\u00f1o a la que estamos condenados los habitantes de este pa\u00eds. Ustedes que viven en la Comarca Lagunera, \u00bfhan notado que a\u00f1o con a\u00f1o estamos en campa\u00f1a electoral? Hace alg\u00fan tiempo trabaj\u00e9 en el municipio, en cultura, y fue cuando me di cuenta de que Coahuila se la pasa en campa\u00f1a tras campa\u00f1a, no se puede hacer nada porque nunca hay dinero, todo se dedica a la promoci\u00f3n de pol\u00edticos, a la b\u00fasqueda del hueso y se debe andar siempre con cuidado de lo que se dice.<\/p>\n\n\n\n<p>Pero me estoy desviando de lo que me asombr\u00f3 y era el comentario de mi texto desde el inicio. Me impresion\u00f3 y no de buena manera, el espectacular porque es lo m\u00e1s tosco, sucio, espeluznante; es la imagen de una mujer golpeada y el texto dice \u201cpara que no te peguen\u201d, y la invitaci\u00f3n a votar por ese partido, como si fuera una rima maltrecha. No se si est\u00e1n intentando metaforizar alg\u00fan otro tipo de golpes (\u00bfpol\u00edticos?), pero el mensaje es tan est\u00fapido, el sentido inmediato tan inmundo, es decir, vota por ese partido para que no te vuelva a golpear tu marido, novio, hombre con el que convives, eso es lo que yo veo de primera instancia que dice el burdo espectacular.<\/p>\n\n\n\n<p>O sea, \u00bft\u00fa votas y en autom\u00e1tico la violencia se acaba? O \u00bft\u00fa votas y los golpeadores desaparecen por arte de una magia cuyo conocimiento solo ese partido conoce? O \u00bft\u00fa votas y qu\u00e9? Adem\u00e1s de maniquea, es ofensiva, es agresiva, es usar un problema verdaderamente grave, que no se han puesto a ver desde la ra\u00edz, que no han querido legislar, en un pa\u00eds cuyo problema verdadero sigue siendo que hay once feminicidios al d\u00eda.&nbsp;<\/p>\n\n\n\n<p>Est\u00e1n haciendo una campa\u00f1a mentirosa, como todos los partidos siempre, eso ya lo sabemos una gran parte de la poblaci\u00f3n. Est\u00e1n haciendo una campa\u00f1a que hiere la sensibilidad de todas las mujeres violentadas del pa\u00eds. Est\u00e1n haciendo una campa\u00f1a vergonzosa que ofende, victimiza, hace una apolog\u00eda de la violencia y es deshumanizante y sin un \u00e1pice de empat\u00eda hacia la mujer en un pa\u00eds, un estado, una Comarca donde no se nos garantiza una vida digna y libre de violencia.<\/p>\n\n\n\n<p>Ser\u00eda ideal que se castigara al partido en su totalidad, ser\u00eda un sue\u00f1o que no solo hubiera una penalidad econ\u00f3mica, sino que las sanciones se tomaran en serio, y por supuesto que se eliminen los promocionales. Pero ya sabemos como se las gastan nuestras autoridades.<\/p>\n","protected":false},"excerpt":{"rendered":"<p>Esta semana he vuelto a manejar por los bulevares de la Comarca Lagunera y por el Diagonal Reforma y me he quedado impactada con algunos espectaculares de cierto partido que &hellip; <a href=\"https:\/\/lavereda.com.mx\/index.php\/2023\/05\/19\/los-los-riesgos-del-ocio\/\" class=\"more-link\">Leer m\u00e1s<\/a><\/p>\n","protected":false},"author":11,"featured_media":5141,"comment_status":"open","ping_status":"open","sticky":false,"template":"","format":"standard","meta":{"footnotes":""},"categories":[12,18,9],"tags":[],"class_list":["post-5138","post","type-post","status-publish","format-standard","has-post-thumbnail","hentry","category-equidad","category-lomasrelevante","category-opinion","entry"],"_links":{"self":[{"href":"https:\/\/lavereda.com.mx\/index.php\/wp-json\/wp\/v2\/posts\/5138","targetHints":{"allow":["GET"]}}],"collection":[{"href":"https:\/\/lavereda.com.mx\/index.php\/wp-json\/wp\/v2\/posts"}],"about":[{"href":"https:\/\/lavereda.com.mx\/index.php\/wp-json\/wp\/v2\/types\/post"}],"author":[{"embeddable":true,"href":"https:\/\/lavereda.com.mx\/index.php\/wp-json\/wp\/v2\/users\/11"}],"replies":[{"embeddable":true,"href":"https:\/\/lavereda.com.mx\/index.php\/wp-json\/wp\/v2\/comments?post=5138"}],"version-history":[{"count":1,"href":"https:\/\/lavereda.com.mx\/index.php\/wp-json\/wp\/v2\/posts\/5138\/revisions"}],"predecessor-version":[{"id":5140,"href":"https:\/\/lavereda.com.mx\/index.php\/wp-json\/wp\/v2\/posts\/5138\/revisions\/5140"}],"wp:featuredmedia":[{"embeddable":true,"href":"https:\/\/lavereda.com.mx\/index.php\/wp-json\/wp\/v2\/media\/5141"}],"wp:attachment":[{"href":"https:\/\/lavereda.com.mx\/index.php\/wp-json\/wp\/v2\/media?parent=5138"}],"wp:term":[{"taxonomy":"category","embeddable":true,"href":"https:\/\/lavereda.com.mx\/index.php\/wp-json\/wp\/v2\/categories?post=5138"},{"taxonomy":"post_tag","embeddable":true,"href":"https:\/\/lavereda.com.mx\/index.php\/wp-json\/wp\/v2\/tags?post=5138"}],"curies":[{"name":"wp","href":"https:\/\/api.w.org\/{rel}","templated":true}]}}