{"id":5133,"date":"2023-05-19T01:24:48","date_gmt":"2023-05-19T01:24:48","guid":{"rendered":"http:\/\/lavereda.com.mx\/?p=5133"},"modified":"2023-05-19T01:25:20","modified_gmt":"2023-05-19T01:25:20","slug":"presentan-el-espectaculo-artistico-cine-pasarela","status":"publish","type":"post","link":"https:\/\/lavereda.com.mx\/index.php\/2023\/05\/19\/presentan-el-espectaculo-artistico-cine-pasarela\/","title":{"rendered":"Presentan el espect\u00e1culo art\u00edstico Cinema Pasarela"},"content":{"rendered":"\n<p>La moda, el cine, la danza y la m\u00fasica se unir\u00e1n en un s\u00f3lo espect\u00e1culo presentado por la reconocida dise\u00f1adora de moda lagunera&nbsp;\u00c1ngel Jacquez, el pr\u00f3ximo jueves 25 de mayo en Casa La Morelos \/ El Chiosco (Av. Morelos 1340 Pte.), en punto de las 20:00 horas. En esta ocasi\u00f3n la dise\u00f1adora lanzar\u00e1 su m\u00e1s reciente colecci\u00f3n titulada&nbsp;CINEMA PASARELA, a trav\u00e9s de un espect\u00e1culo inspirado en la est\u00e9tica  del cine de los cuarenta y cincuenta, que combina danza contempor\u00e1nea y m\u00fasica. La entrada general es de 150 pesos.<\/p>\n\n\n\n<p>En rueda de prensa en Casa La Morelos, el director del espacio El\u00edas Ag\u00fcero dio la bienvenida a \u00c1ngel J\u00e1cquez y a todas y todos los artistas involucrados en este espect\u00e1culo, a su vez la dise\u00f1adora lagunera coment\u00f3 que este trabajo nace de la necesidad de explorar en otros lenguajes art\u00edsticos como el cine, donde la moda cobra un papel singular.<\/p>\n\n\n\n<p>Este proyecto sin precedentes  contar\u00e1 con la participaci\u00f3n de destacados artistas como las bailarinas Sara Ovalle, Berenice Ovalle y Alpha R\u00edos, integrantes de la compa\u00f1\u00eda Mezquite Danza Contempor\u00e1nea y maestras de la ESDACONT. Asimismo, en el terrero de la m\u00fasica tendremos la oportunidad de escuchar al bandoneonista y acordeonista Ra\u00fal J\u00e1quez, un referente local en la interpretaci\u00f3n de tango y chanson fran\u00e7aise. De forma simult\u00e1nea, la m\u00fasica electr\u00f3nica har\u00e1 su aparici\u00f3n de la mano de los sets de Titi Sans. La pasarela estar\u00e1 formada por miembros de LMAC Models Agency &amp; Academy, bajo la direcci\u00f3n de Alberto Meraz, y tambi\u00e9n por algunas celebridades del mundo del arte, la cultura y el entretenimiento.<\/p>\n\n\n\n<p><strong>El poder de la moda<\/strong><\/p>\n\n\n\n<p>El cine es uno de los escaparates m\u00e1s ambiciosos de la moda. Convertir a los personajes en \u00edconos de estilo que podr\u00edan perdurar a trav\u00e9s del tiempo no es tarea f\u00e1cil. Sin embargo, en algunas ocasiones, el vestuario ha trascendido en el medio audiovisual, por s\u00ed mismo y con naturalidad, en una cohesi\u00f3n de lenguajes oportuna y en una suerte de discurso propio. Coco Chanel confes\u00f3 alguna vez que: \u201ces a trav\u00e9s del cine que la moda puede imponerse. Hasta ahora, el cine sigui\u00f3 a la moda\u201d.<\/p>\n\n\n\n<p>En ese sentido, la moda es una expresi\u00f3n m\u00e1s de la cultura que con el paso del tiempo estableci\u00f3 lazos cada vez m\u00e1s profundos con el arte, dejando atr\u00e1s la simple funcionalidad de las prendas como \u00abvestimenta\u00bb para confluir en una simbiosis m\u00e1s pr\u00f3xima a un discurso est\u00e9tico o una postura pol\u00edtica. La moda es arte. La relaci\u00f3n entre estos universos es muy estrecha. Ambos son medios de expresi\u00f3n de alto impacto que crean objetos no solo de cierta belleza, sino tambi\u00e9n capaces de emocionar y de generar una reflexi\u00f3n. De hecho, la industria de la confecci\u00f3n se sit\u00faa en el centro de la creatividad y es el mejor espejo de la sociedad y su cultura. Son \u00e1mbitos que guardan similitudes: de un lado y de otro surgen grandes nombres, imitadores y revolucionarios.<\/p>\n\n\n\n<p>a controvertida Coco Chanel se transform\u00f3 en un punto de referencia en el mundo del s\u00e9ptimo arte: logr\u00f3 representar en el cine el allure femenino y dise\u00f1\u00f3 siempre pensando en la mujer moderna de la \u00e9poca. A lo largo de su carrera como dise\u00f1adora, colabor\u00f3 con el cine avant-garde franc\u00e9s, as\u00ed como en Hollywood. Fue una celebridad que tuvo un papel decisivo en este nuevo aspecto de la moda femenina al ofrecer ropa c\u00f3moda, de l\u00edneas simples y con una innovadora combinaci\u00f3n de g\u00e9nero de puntas y formas de inspiraci\u00f3n masculina. <\/p>\n\n\n\n<figure class=\"wp-block-image size-full is-resized\"><img fetchpriority=\"high\" decoding=\"async\" src=\"https:\/\/lavereda.com.mx\/wp-content\/uploads\/2023\/05\/IMG_7200.jpg\" alt=\"\" class=\"wp-image-5135\" width=\"595\" height=\"446\" srcset=\"https:\/\/lavereda.com.mx\/wp-content\/uploads\/2023\/05\/IMG_7200.jpg 1000w, https:\/\/lavereda.com.mx\/wp-content\/uploads\/2023\/05\/IMG_7200-300x225.jpg 300w, https:\/\/lavereda.com.mx\/wp-content\/uploads\/2023\/05\/IMG_7200-768x576.jpg 768w\" sizes=\"(max-width: 595px) 100vw, 595px\" \/><\/figure>\n\n\n\n<p><\/p>\n","protected":false},"excerpt":{"rendered":"<p>La moda, el cine, la danza y la m\u00fasica se unir\u00e1n en un s\u00f3lo espect\u00e1culo presentado por la reconocida dise\u00f1adora de moda lagunera&nbsp;\u00c1ngel Jacquez, el pr\u00f3ximo jueves 25 de mayo &hellip; <a href=\"https:\/\/lavereda.com.mx\/index.php\/2023\/05\/19\/presentan-el-espectaculo-artistico-cine-pasarela\/\" class=\"more-link\">Leer m\u00e1s<\/a><\/p>\n","protected":false},"author":9,"featured_media":5134,"comment_status":"open","ping_status":"open","sticky":false,"template":"","format":"standard","meta":{"footnotes":""},"categories":[2],"tags":[],"class_list":["post-5133","post","type-post","status-publish","format-standard","has-post-thumbnail","hentry","category-artes-escenicas","entry"],"_links":{"self":[{"href":"https:\/\/lavereda.com.mx\/index.php\/wp-json\/wp\/v2\/posts\/5133","targetHints":{"allow":["GET"]}}],"collection":[{"href":"https:\/\/lavereda.com.mx\/index.php\/wp-json\/wp\/v2\/posts"}],"about":[{"href":"https:\/\/lavereda.com.mx\/index.php\/wp-json\/wp\/v2\/types\/post"}],"author":[{"embeddable":true,"href":"https:\/\/lavereda.com.mx\/index.php\/wp-json\/wp\/v2\/users\/9"}],"replies":[{"embeddable":true,"href":"https:\/\/lavereda.com.mx\/index.php\/wp-json\/wp\/v2\/comments?post=5133"}],"version-history":[{"count":2,"href":"https:\/\/lavereda.com.mx\/index.php\/wp-json\/wp\/v2\/posts\/5133\/revisions"}],"predecessor-version":[{"id":5137,"href":"https:\/\/lavereda.com.mx\/index.php\/wp-json\/wp\/v2\/posts\/5133\/revisions\/5137"}],"wp:featuredmedia":[{"embeddable":true,"href":"https:\/\/lavereda.com.mx\/index.php\/wp-json\/wp\/v2\/media\/5134"}],"wp:attachment":[{"href":"https:\/\/lavereda.com.mx\/index.php\/wp-json\/wp\/v2\/media?parent=5133"}],"wp:term":[{"taxonomy":"category","embeddable":true,"href":"https:\/\/lavereda.com.mx\/index.php\/wp-json\/wp\/v2\/categories?post=5133"},{"taxonomy":"post_tag","embeddable":true,"href":"https:\/\/lavereda.com.mx\/index.php\/wp-json\/wp\/v2\/tags?post=5133"}],"curies":[{"name":"wp","href":"https:\/\/api.w.org\/{rel}","templated":true}]}}