{"id":5130,"date":"2023-05-17T23:14:59","date_gmt":"2023-05-17T23:14:59","guid":{"rendered":"http:\/\/lavereda.com.mx\/?p=5130"},"modified":"2023-05-17T23:15:01","modified_gmt":"2023-05-17T23:15:01","slug":"el-cine-mexicano-ya-esta-en-francia-conoce-las-peliculas-que-participan-en-cannes-2023","status":"publish","type":"post","link":"https:\/\/lavereda.com.mx\/index.php\/2023\/05\/17\/el-cine-mexicano-ya-esta-en-francia-conoce-las-peliculas-que-participan-en-cannes-2023\/","title":{"rendered":"El cine mexicano ya est\u00e1 en Francia, conoce las pel\u00edculas que participan en Cannes 2023"},"content":{"rendered":"\n<ul class=\"wp-block-list\"><li><strong>El festival se lleva a cabo del 16 al 27 de mayo<\/strong><strong><\/strong><\/li><li><strong>En la selecci\u00f3n oficial se encuentran cuatro filmes realizados con est\u00edmulos p\u00fablicos, entre ellos Perdidos en la noche (2023), de Amat Escalante<\/strong><\/li><\/ul>\n\n\n\n<p>La Secretar\u00eda de Cultura federal, a trav\u00e9s del Instituto Mexicano de Cinematograf\u00eda (Imcine), se complace en informar la participaci\u00f3n que M\u00e9xico tendr\u00e1 en la 76\u00aa edici\u00f3n del Festival Internacional de Cine de Cannes, uno de los eventos cinematogr\u00e1ficos m\u00e1s relevantes a nivel mundial, que este a\u00f1o se lleva a cabo del 16 al 27 de mayo.<\/p>\n\n\n\n<p>Esta conmemoraci\u00f3n internacional es organizada por la Asociaci\u00f3n Francesa del Festival Internacional de Cine y se lleva a cabo en Cannes, Francia, y tiene como sedes principales el Palacio de Festivales y el Congreso de Cannes. Este a\u00f1o, el cine mexicano tendr\u00e1 una emocionante participaci\u00f3n en la selecci\u00f3n oficial, en la que se encuentran cuatro pel\u00edculas con apoyos p\u00fablicos.<\/p>\n\n\n\n<p><strong><u>Cannes Premiere:<\/u><\/strong><\/p>\n\n\n\n<p>\u25cf&nbsp;&nbsp;&nbsp;&nbsp;&nbsp;&nbsp;&nbsp;<em>Perdidos en la noche<\/em>&nbsp;(2023), de Amat Escalante | M\u00e9xico<\/p>\n\n\n\n<p>Pel\u00edcula realizada con el&nbsp;est\u00edmulo&nbsp;de EFICINE Producci\u00f3n<\/p>\n\n\n\n<ul class=\"wp-block-list\"><li><em>Eureka<\/em>&nbsp;(2023), de Lisandro Alonso | M\u00e9xico, Argentina, Francia, Alemania, Portugal<\/li><\/ul>\n\n\n\n<p>Pel\u00edcula realizada con el est\u00edmulo de EFICINE Producci\u00f3n<\/p>\n\n\n\n<p><strong><u>Semana de la Cr\u00edtica \/ Competencia oficial de Cortometrajes:<\/u><\/strong><\/p>\n\n\n\n<ul class=\"wp-block-list\"><li><em>Arkh\u00e9<\/em>&nbsp;(2023), de Armando Navarro | M\u00e9xico<\/li><\/ul>\n\n\n\n<p><strong><u>Cannes Ecrans Juniors<\/u><\/strong><strong><u><\/u><\/strong><\/p>\n\n\n\n<p>\u25cf&nbsp;&nbsp;&nbsp;&nbsp;&nbsp;&nbsp;&nbsp;<em>T\u00f3tem<\/em>&nbsp;(2022), de Lila Avil\u00e9s | M\u00e9xico, Dinamarca, Francia<\/p>\n\n\n\n<p>Pel\u00edcula realizada con el est\u00edmulo de EFICINE Producci\u00f3n<\/p>\n\n\n\n<p><strong><u>Cannes Classics<\/u><\/strong><strong><u><\/u><\/strong><\/p>\n\n\n\n<p>Adem\u00e1s, el cl\u00e1sico del cine mexicano&nbsp;<em>El esqueleto de la Se\u00f1ora Morales<\/em>&nbsp;(1959), de Rogelio A. Gonz\u00e1lez, forma parte de la secci\u00f3n Cannes Classics. Se presentar\u00e1 en su versi\u00f3n restaurada realizada por la Cineteca Nacional.<\/p>\n\n\n\n<p><strong><u>Participaci\u00f3n del FICM en Cannes<\/u><\/strong><strong><u><\/u><\/strong><\/p>\n\n\n\n<p>Por otra parte, como cada a\u00f1o desde 2005, por invitaci\u00f3n del Festival de Cannes, el Festival Internacional de Cine de Morelia (FICM) tendr\u00e1 una funci\u00f3n especial fuera de competencia en la Semana de la Cr\u00edtica, donde se presentar\u00e1n cuatro cortometrajes mexicanos que fueron parte de la Selecci\u00f3n Oficial de la 20\u00aa edici\u00f3n del FICM.<\/p>\n\n\n\n<p>La s\u00f3lida alianza que mantienen la Semana de la Cr\u00edtica y el FICM ha brindado la oportunidad a cerca de 50 cineastas de nacionalidad mexicana de mostrar su trabajo en Cannes. A su vez, a\u00f1o con a\u00f1o, una selecci\u00f3n de pel\u00edculas surgidas de la Semana de la Cr\u00edtica de Cannes se presenta en el FICM, con la presencia de algunas de las personas que las realizan y las protagonistas.<\/p>\n\n\n\n<p>La selecci\u00f3n para el programa del FICM en la Semana de la Cr\u00edtica de Cannes es la siguiente:<\/p>\n\n\n\n<ul class=\"wp-block-list\"><li><em>Ir y volver&nbsp;<\/em>(2022), de Jos\u00e9 Permar<\/li><li><em>Las cosas que te digo<\/em>&nbsp;(2022), de Daniela Silva Sol\u00f3rzano<\/li><li><em>El cortometraje<\/em>&nbsp;(2022), de Jos\u00e9 Luis Isoard<\/li><li><em>Una mano bajo la nieve<\/em>&nbsp;(2022), de Jos\u00e9 Esteban Pavlovich<\/li><\/ul>\n\n\n\n<p><strong><u>March\u00e9 Du Film<\/u><\/strong><strong><u><\/u><\/strong><\/p>\n\n\n\n<p>Como parte del March\u00e9 Du Film, se realizar\u00e1n funciones de mercado de tres pel\u00edculas:&nbsp;<em>Failure<\/em>, de Alex Kahuam (M\u00e9xico-Estados Unidos, 2023);&nbsp;<em>Firma aqu\u00ed<\/em>, de Enrique V\u00e1zquez (M\u00e9xico, 2023), realizada con apoyo de EFICINE Producci\u00f3n, y&nbsp;<em>Cuando los amos duermen<\/em>, de Santiago Alvarado (Espa\u00f1a-M\u00e9xico, 2023).<\/p>\n\n\n\n<p>Este a\u00f1o el Festival Internacional de Cine Guanajuato (GIFF) tendr\u00e1 una presencia importante en el Short Film Corner del March\u00e9 Du Film. Como pas\u00f3 el a\u00f1o anterior, el GIFF presentar\u00e1 una selecci\u00f3n especial de siete pel\u00edculas bajo el nombre de \u201c\u00a1Viva M\u00e9xico! Lo mejor de Guanajuato IFF\u201d, que incluye trabajos cinematogr\u00e1ficos de talentosos j\u00f3venes realizadores guanajuatenses, documentales del concurso Identidad y Pertenencia, ficciones del emblem\u00e1tico Rally Universitario y cortometrajes ganadores en el festival orgullosamente mexicano.<\/p>\n\n\n\n<p>La selecci\u00f3n es la siguiente:&nbsp;&nbsp;<em>De la nada<\/em>&nbsp;(2022), de Pablo Balderas;&nbsp;<em>No te ag\u00fcites&nbsp;<\/em>(2022), de Juan Vicente Manrique;&nbsp;<em>Interior seis<\/em>&nbsp;(2022), de Mauricio S\u00e1nchez;&nbsp;<em>La cuarta puerta&nbsp;<\/em>(2022), de Hugo Maga\u00f1a;&nbsp;<em>Cielo de tradici\u00f3n&nbsp;<\/em>(2022), de Jos\u00e9 Eduardo Medrano G\u00f3mez;&nbsp;<em>Ritmos de ra\u00edces&nbsp;<\/em>(2022), de Pedro Emmanuel Castellanos Andrade, y&nbsp;<em>La hu\u00e9sped&nbsp;<\/em>(2022), de Katherine Ruiz Muro.<\/p>\n\n\n\n<p>Adem\u00e1s, dentro del March\u00e9 du Film se encuentra el Fantastic Pavillion, un espacio que alberga diferentes compa\u00f1\u00edas, festivales de cine y profesionistas de la industria que se dedican al cine de g\u00e9nero y de terror. En este espacio, participar\u00e1n las siguientes compa\u00f1\u00edas mexicanas: M\u00f3rbido Group, Mant\u00edcora Distribuci\u00f3n, Alebrije Producciones.<\/p>\n\n\n\n<p>Y finalmente, cabe subrayar la presencia en el festival de Cannes de otros festivales nacionales como el Festival Internacional de Cine de Los Cabos, el Festival Internacional de Cine en Guadalajara (FICG), el Festival Internacional de Cine UNAM (FICUNAM) y el Black Canvas: Festival de Cine Contempor\u00e1neo.<\/p>\n\n\n\n<p><\/p>\n","protected":false},"excerpt":{"rendered":"<p>El festival se lleva a cabo del 16 al 27 de mayo En la selecci\u00f3n oficial se encuentran cuatro filmes realizados con est\u00edmulos p\u00fablicos, entre ellos Perdidos en la noche &hellip; <a href=\"https:\/\/lavereda.com.mx\/index.php\/2023\/05\/17\/el-cine-mexicano-ya-esta-en-francia-conoce-las-peliculas-que-participan-en-cannes-2023\/\" class=\"more-link\">Leer m\u00e1s<\/a><\/p>\n","protected":false},"author":1,"featured_media":5131,"comment_status":"open","ping_status":"open","sticky":false,"template":"","format":"standard","meta":{"footnotes":""},"categories":[6,18],"tags":[40],"class_list":["post-5130","post","type-post","status-publish","format-standard","has-post-thumbnail","hentry","category-cinetv","category-lomasrelevante","tag-cine","entry"],"_links":{"self":[{"href":"https:\/\/lavereda.com.mx\/index.php\/wp-json\/wp\/v2\/posts\/5130","targetHints":{"allow":["GET"]}}],"collection":[{"href":"https:\/\/lavereda.com.mx\/index.php\/wp-json\/wp\/v2\/posts"}],"about":[{"href":"https:\/\/lavereda.com.mx\/index.php\/wp-json\/wp\/v2\/types\/post"}],"author":[{"embeddable":true,"href":"https:\/\/lavereda.com.mx\/index.php\/wp-json\/wp\/v2\/users\/1"}],"replies":[{"embeddable":true,"href":"https:\/\/lavereda.com.mx\/index.php\/wp-json\/wp\/v2\/comments?post=5130"}],"version-history":[{"count":1,"href":"https:\/\/lavereda.com.mx\/index.php\/wp-json\/wp\/v2\/posts\/5130\/revisions"}],"predecessor-version":[{"id":5132,"href":"https:\/\/lavereda.com.mx\/index.php\/wp-json\/wp\/v2\/posts\/5130\/revisions\/5132"}],"wp:featuredmedia":[{"embeddable":true,"href":"https:\/\/lavereda.com.mx\/index.php\/wp-json\/wp\/v2\/media\/5131"}],"wp:attachment":[{"href":"https:\/\/lavereda.com.mx\/index.php\/wp-json\/wp\/v2\/media?parent=5130"}],"wp:term":[{"taxonomy":"category","embeddable":true,"href":"https:\/\/lavereda.com.mx\/index.php\/wp-json\/wp\/v2\/categories?post=5130"},{"taxonomy":"post_tag","embeddable":true,"href":"https:\/\/lavereda.com.mx\/index.php\/wp-json\/wp\/v2\/tags?post=5130"}],"curies":[{"name":"wp","href":"https:\/\/api.w.org\/{rel}","templated":true}]}}