{"id":5124,"date":"2023-05-16T21:48:22","date_gmt":"2023-05-16T21:48:22","guid":{"rendered":"http:\/\/lavereda.com.mx\/?p=5124"},"modified":"2023-05-16T21:48:23","modified_gmt":"2023-05-16T21:48:23","slug":"museo-arocena-presenta-la-fragilidad-del-absurdo-de-barry-wolfryd","status":"publish","type":"post","link":"https:\/\/lavereda.com.mx\/index.php\/2023\/05\/16\/museo-arocena-presenta-la-fragilidad-del-absurdo-de-barry-wolfryd\/","title":{"rendered":"Museo Arocena presenta \u00abLa fragilidad del absurdo\u00bb de Barry Wolfryd"},"content":{"rendered":"\n<p>En el marco del D\u00eda internacional de los museos, este 18 de mayo ser\u00e1 inaugurada la exposici\u00f3n&nbsp;<em>La fragilidad del absurdo. Barry Wolfryd,&nbsp;<\/em>en el Museo Arocena.<\/p>\n\n\n\n<p>La obra del artista&nbsp;Barry Wolfryd<strong>&nbsp;<\/strong>(Los Angeles, 1952) es reconocida por la audaz y divertida manera de abordar temas contempor\u00e1neos tan crudos y relevantes como la violencia, la opresi\u00f3n, la crisis migratoria o la equidad de g\u00e9nero.<\/p>\n\n\n\n<p>\u201cEl artista superpone iconos de la cultura popular en una \u00e9pica guerra pop de esculturas de vidrio y obras pict\u00f3ricas que parad\u00f3jicamente demuestran que la verdadera fragilidad no est\u00e1 en los materiales que utiliza, sino en las absurdas y actuales narrativas que se desvanecen para invitar al espectador a reflexionar e imaginar posibles soluciones para los desaf\u00edos contempor\u00e1neos\u201d, inform\u00f3 el museo en un comunicado.<\/p>\n\n\n\n<p>La inauguraci\u00f3n&nbsp;&nbsp;se llevar\u00e1 a cabo el 18 de mayo a las 19:00 horas, iniciando con una charla &#8211; conferencia precedida por Barry Wolfryd y el galerista Gerardo Traeger.&nbsp;<\/p>\n\n\n\n<p>Barry Wolfryd es&nbsp;un artista originario de Estados Unidos y naturalizado mexicano. Vive y trabaja en M\u00e9xico, su obra pict\u00f3rica est\u00e1 enfocada en la conciliaci\u00f3n de diferentes dicotom\u00edas que nutren la vida cotidiana. Muestra un inter\u00e9s por analizar a los objetos como s\u00edmbolos y desplazarlos de contexto para expandir su campo sem\u00e1ntico. Wolfryd se apropia de objetos y personajes de la cultura popular y los reinventa de manera que detona reflexiones al mismo tiempo que hace una cr\u00edtica social con una fuerte carga de humor negro.<\/p>\n","protected":false},"excerpt":{"rendered":"<p>En el marco del D\u00eda internacional de los museos, este 18 de mayo ser\u00e1 inaugurada la exposici\u00f3n&nbsp;La fragilidad del absurdo. Barry Wolfryd,&nbsp;en el Museo Arocena. La obra del artista&nbsp;Barry Wolfryd&nbsp;(Los &hellip; <a href=\"https:\/\/lavereda.com.mx\/index.php\/2023\/05\/16\/museo-arocena-presenta-la-fragilidad-del-absurdo-de-barry-wolfryd\/\" class=\"more-link\">Leer m\u00e1s<\/a><\/p>\n","protected":false},"author":1,"featured_media":5126,"comment_status":"open","ping_status":"open","sticky":false,"template":"","format":"standard","meta":{"footnotes":""},"categories":[3,18],"tags":[],"class_list":["post-5124","post","type-post","status-publish","format-standard","has-post-thumbnail","hentry","category-artes-visuales","category-lomasrelevante","entry"],"_links":{"self":[{"href":"https:\/\/lavereda.com.mx\/index.php\/wp-json\/wp\/v2\/posts\/5124","targetHints":{"allow":["GET"]}}],"collection":[{"href":"https:\/\/lavereda.com.mx\/index.php\/wp-json\/wp\/v2\/posts"}],"about":[{"href":"https:\/\/lavereda.com.mx\/index.php\/wp-json\/wp\/v2\/types\/post"}],"author":[{"embeddable":true,"href":"https:\/\/lavereda.com.mx\/index.php\/wp-json\/wp\/v2\/users\/1"}],"replies":[{"embeddable":true,"href":"https:\/\/lavereda.com.mx\/index.php\/wp-json\/wp\/v2\/comments?post=5124"}],"version-history":[{"count":2,"href":"https:\/\/lavereda.com.mx\/index.php\/wp-json\/wp\/v2\/posts\/5124\/revisions"}],"predecessor-version":[{"id":5127,"href":"https:\/\/lavereda.com.mx\/index.php\/wp-json\/wp\/v2\/posts\/5124\/revisions\/5127"}],"wp:featuredmedia":[{"embeddable":true,"href":"https:\/\/lavereda.com.mx\/index.php\/wp-json\/wp\/v2\/media\/5126"}],"wp:attachment":[{"href":"https:\/\/lavereda.com.mx\/index.php\/wp-json\/wp\/v2\/media?parent=5124"}],"wp:term":[{"taxonomy":"category","embeddable":true,"href":"https:\/\/lavereda.com.mx\/index.php\/wp-json\/wp\/v2\/categories?post=5124"},{"taxonomy":"post_tag","embeddable":true,"href":"https:\/\/lavereda.com.mx\/index.php\/wp-json\/wp\/v2\/tags?post=5124"}],"curies":[{"name":"wp","href":"https:\/\/api.w.org\/{rel}","templated":true}]}}