{"id":5117,"date":"2023-05-15T20:37:01","date_gmt":"2023-05-15T20:37:01","guid":{"rendered":"http:\/\/lavereda.com.mx\/?p=5117"},"modified":"2023-05-16T00:54:26","modified_gmt":"2023-05-16T00:54:26","slug":"invitan-a-conferencia-sobre-salud-mental-en-casa-mudejar","status":"publish","type":"post","link":"https:\/\/lavereda.com.mx\/index.php\/2023\/05\/15\/invitan-a-conferencia-sobre-salud-mental-en-casa-mudejar\/","title":{"rendered":"Invitan a conferencia sobre salud mental en Casa Mud\u00e9jar"},"content":{"rendered":"\n<p><em><strong>Se realiza en el marco de las actividades del d\u00eda Internacional de los Museos<\/strong><\/em><\/p>\n\n\n\n<p>La conferencia \u00abValidando mis emociones, construyendo pensamientos de bienestar\u00bb, se realizar\u00e1 el pr\u00f3ximo mi\u00e9rcoles 17 de mayo a las 19:00 horas, en las instalaciones de Casa Mud\u00e9jar (Ildefonso Fuentes entre Matamoros y Allende) en el marco de las actividades del&nbsp;<strong>D\u00eda Internacional de los Museos<\/strong>. Ser\u00e1 impartida por la Lic. Mariel Guti\u00e9rrez, autora del libro \u00abMomento&#8230; otra sinton\u00eda\u00bb, inform\u00f3 el El Instituto Municipal de Cultura y Educaci\u00f3n (IMCE).<\/p>\n\n\n\n<p>&nbsp;La salud emocional es fundamental para la salud general, y aprender a reconocer y validar las emociones es una parte importante de este proceso. Durante la conferencia, Mariel Guti\u00e9rrez compartir\u00e1 su conocimiento y experiencia en el tema de inteligencia emocional y salud bioemocional, brindando herramientas pr\u00e1cticas que contribuyan a una mejora de la calidad de vida partiendo desde el pensamiento.<\/p>\n\n\n\n<p>&nbsp;El libro \u00abMomento&#8230; otra sinton\u00eda\u00bb ofrece una gu\u00eda para el autoconocimiento y el reencuentro, brindando herramientas de apoyo para un despertar desde otra sinton\u00eda, realidad y conciencia. Mariel Guti\u00e9rrez, es emprendedora, conferencista y tallerista con amplia experiencia en el campo de la educaci\u00f3n y el desarrollo humano. Adem\u00e1s, es Diplomada en Desarrollo humano y Bioneuroemoci\u00f3n.&nbsp;<\/p>\n\n\n\n<p>El IMCE y Casa Mud\u00e9jar invitan al p\u00fablico a esta charla para aprender sobre la importancia de la salud emocional y c\u00f3mo validar las emociones. La entrada es libre.<\/p>\n","protected":false},"excerpt":{"rendered":"<p>Se realiza en el marco de las actividades del d\u00eda Internacional de los Museos La conferencia \u00abValidando mis emociones, construyendo pensamientos de bienestar\u00bb, se realizar\u00e1 el pr\u00f3ximo mi\u00e9rcoles 17 de &hellip; <a href=\"https:\/\/lavereda.com.mx\/index.php\/2023\/05\/15\/invitan-a-conferencia-sobre-salud-mental-en-casa-mudejar\/\" class=\"more-link\">Leer m\u00e1s<\/a><\/p>\n","protected":false},"author":1,"featured_media":5118,"comment_status":"open","ping_status":"open","sticky":false,"template":"","format":"standard","meta":{"footnotes":""},"categories":[18,8],"tags":[],"class_list":["post-5117","post","type-post","status-publish","format-standard","has-post-thumbnail","hentry","category-lomasrelevante","category-sociedad","entry"],"_links":{"self":[{"href":"https:\/\/lavereda.com.mx\/index.php\/wp-json\/wp\/v2\/posts\/5117","targetHints":{"allow":["GET"]}}],"collection":[{"href":"https:\/\/lavereda.com.mx\/index.php\/wp-json\/wp\/v2\/posts"}],"about":[{"href":"https:\/\/lavereda.com.mx\/index.php\/wp-json\/wp\/v2\/types\/post"}],"author":[{"embeddable":true,"href":"https:\/\/lavereda.com.mx\/index.php\/wp-json\/wp\/v2\/users\/1"}],"replies":[{"embeddable":true,"href":"https:\/\/lavereda.com.mx\/index.php\/wp-json\/wp\/v2\/comments?post=5117"}],"version-history":[{"count":2,"href":"https:\/\/lavereda.com.mx\/index.php\/wp-json\/wp\/v2\/posts\/5117\/revisions"}],"predecessor-version":[{"id":5120,"href":"https:\/\/lavereda.com.mx\/index.php\/wp-json\/wp\/v2\/posts\/5117\/revisions\/5120"}],"wp:featuredmedia":[{"embeddable":true,"href":"https:\/\/lavereda.com.mx\/index.php\/wp-json\/wp\/v2\/media\/5118"}],"wp:attachment":[{"href":"https:\/\/lavereda.com.mx\/index.php\/wp-json\/wp\/v2\/media?parent=5117"}],"wp:term":[{"taxonomy":"category","embeddable":true,"href":"https:\/\/lavereda.com.mx\/index.php\/wp-json\/wp\/v2\/categories?post=5117"},{"taxonomy":"post_tag","embeddable":true,"href":"https:\/\/lavereda.com.mx\/index.php\/wp-json\/wp\/v2\/tags?post=5117"}],"curies":[{"name":"wp","href":"https:\/\/api.w.org\/{rel}","templated":true}]}}