{"id":5114,"date":"2023-05-14T18:06:12","date_gmt":"2023-05-14T18:06:12","guid":{"rendered":"http:\/\/lavereda.com.mx\/?p=5114"},"modified":"2023-05-14T18:06:14","modified_gmt":"2023-05-14T18:06:14","slug":"aftersun","status":"publish","type":"post","link":"https:\/\/lavereda.com.mx\/index.php\/2023\/05\/14\/aftersun\/","title":{"rendered":"Aftersun"},"content":{"rendered":"\n<p>Aftersun, 2022<\/p>\n\n\n\n<p>Mubi<\/p>\n\n\n\n<p>Aunque demanda paciencia, la cinta de la debutante directora Charlotte Wells, ofrece una buna recompensa en el relato melanc\u00f3lico de los d\u00edas de Sophie (Frankie Corio), una ni\u00f1a que va entrando en la adolescencia y tiene recuerdos grabados en una c\u00e1mara, de su padre Calum (Paul Mescal), afectado por la depresi\u00f3n.<\/p>\n\n\n\n<p>Aunque no ocurren muchas acciones, la cinta es emocionalmente intensa. Se presenta una relaci\u00f3n din\u00e1mica, afectuosa, amorosa, del pap\u00e1 y la chica en un resort mediterr\u00e1neo donde pasan tiempo felices, que ella va recordando desde una perspectiva adulta y apoyada, mayormente, por el casete donde est\u00e1n las memorias del viaje.<\/p>\n\n\n\n<p>Hay que poner atenci\u00f3n en los detalles. Se insertan desconcertantes im\u00e1genes de un rave en el que se prefigura la imagen de Calum, bailando desaforadamente y una chica que est\u00e1 tambi\u00e9n en la escena indefinida, iluminada \u00fanicamente con flashazos. Es necesario entender c\u00f3mo ha pasado el tiempo entre ellos y la perspectiva que toman estas dos personas, para evocar aquello que vivieron juntos en una \u00faltima escapada.<\/p>\n\n\n\n<p>Es tierna y desesperante a veces, por su lentitud.<\/p>\n\n\n\n<p>No es para todos los p\u00fablicos.<\/p>\n\n\n\n<p>(R. Restringido; menores de 17 deben estar acompa\u00f1ados de sus padres)<\/p>\n\n\n\n<p>@LucianoCamposG<\/p>\n\n\n\n<figure class=\"wp-block-embed is-type-video is-provider-youtube wp-block-embed-youtube wp-embed-aspect-16-9 wp-has-aspect-ratio\"><div class=\"wp-block-embed__wrapper\">\n<iframe title=\"Aftersun - Trailer subtitulado en espan\u0303ol\" width=\"1170\" height=\"658\" src=\"https:\/\/www.youtube.com\/embed\/NEvQm7_ezHE?feature=oembed\" frameborder=\"0\" allow=\"accelerometer; autoplay; clipboard-write; encrypted-media; gyroscope; picture-in-picture; web-share\" allowfullscreen><\/iframe>\n<\/div><\/figure>\n","protected":false},"excerpt":{"rendered":"<p>Aftersun, 2022 Mubi Aunque demanda paciencia, la cinta de la debutante directora Charlotte Wells, ofrece una buna recompensa en el relato melanc\u00f3lico de los d\u00edas de Sophie (Frankie Corio), una &hellip; <a href=\"https:\/\/lavereda.com.mx\/index.php\/2023\/05\/14\/aftersun\/\" class=\"more-link\">Leer m\u00e1s<\/a><\/p>\n","protected":false},"author":3,"featured_media":5115,"comment_status":"open","ping_status":"open","sticky":false,"template":"","format":"standard","meta":{"footnotes":""},"categories":[6,18],"tags":[40],"class_list":["post-5114","post","type-post","status-publish","format-standard","has-post-thumbnail","hentry","category-cinetv","category-lomasrelevante","tag-cine","entry"],"_links":{"self":[{"href":"https:\/\/lavereda.com.mx\/index.php\/wp-json\/wp\/v2\/posts\/5114","targetHints":{"allow":["GET"]}}],"collection":[{"href":"https:\/\/lavereda.com.mx\/index.php\/wp-json\/wp\/v2\/posts"}],"about":[{"href":"https:\/\/lavereda.com.mx\/index.php\/wp-json\/wp\/v2\/types\/post"}],"author":[{"embeddable":true,"href":"https:\/\/lavereda.com.mx\/index.php\/wp-json\/wp\/v2\/users\/3"}],"replies":[{"embeddable":true,"href":"https:\/\/lavereda.com.mx\/index.php\/wp-json\/wp\/v2\/comments?post=5114"}],"version-history":[{"count":1,"href":"https:\/\/lavereda.com.mx\/index.php\/wp-json\/wp\/v2\/posts\/5114\/revisions"}],"predecessor-version":[{"id":5116,"href":"https:\/\/lavereda.com.mx\/index.php\/wp-json\/wp\/v2\/posts\/5114\/revisions\/5116"}],"wp:featuredmedia":[{"embeddable":true,"href":"https:\/\/lavereda.com.mx\/index.php\/wp-json\/wp\/v2\/media\/5115"}],"wp:attachment":[{"href":"https:\/\/lavereda.com.mx\/index.php\/wp-json\/wp\/v2\/media?parent=5114"}],"wp:term":[{"taxonomy":"category","embeddable":true,"href":"https:\/\/lavereda.com.mx\/index.php\/wp-json\/wp\/v2\/categories?post=5114"},{"taxonomy":"post_tag","embeddable":true,"href":"https:\/\/lavereda.com.mx\/index.php\/wp-json\/wp\/v2\/tags?post=5114"}],"curies":[{"name":"wp","href":"https:\/\/api.w.org\/{rel}","templated":true}]}}