{"id":5111,"date":"2023-05-12T17:14:36","date_gmt":"2023-05-12T17:14:36","guid":{"rendered":"http:\/\/lavereda.com.mx\/?p=5111"},"modified":"2023-05-12T17:14:37","modified_gmt":"2023-05-12T17:14:37","slug":"de-uskyldige-2021","status":"publish","type":"post","link":"https:\/\/lavereda.com.mx\/index.php\/2023\/05\/12\/de-uskyldige-2021\/","title":{"rendered":"De Uskyldige (2021)"},"content":{"rendered":"\n<p>Aunque para mi cualquier clase de ni\u00f1o me parece terror\u00edfico, hay algo de perturbador en las pel\u00edculas en donde los causantes del mal son estos seres que transitan por una etapa en la que la inocencia y la falta de malicia deben ser algunas de sus principales caracter\u00edsticas. The Bad Seed (1956), The Omen (1976), Children of the Corn (1984) y The Good Son (1993) son ejemplos de este tipo de historias en el cine angloparlante; \u00bfQui\u00e9n puede matar a un ni\u00f1o? (1976) y Veneno para las hadas (1986), hicieron lo suyo en lo referente al hablado en espa\u00f1ol. Infantes infames que ya sea de forma natural o sobrenatural, realizan actos de elevada malicia por diferentes motivos. Dentro de esta l\u00ednea se sit\u00faa la cinta De Uskyldige, titulada The Innocents en Estados Unidos y Juegos Inocentes en M\u00e9xico, donde, casi a\u00f1o y medio despu\u00e9s de su estreno en otros pa\u00edses, ha logrado por fin verse a partir del pasado fin de semana.<\/p>\n\n\n\n<p>La historia de ni\u00f1os malvados nos cuenta en esta ocasi\u00f3n la vida de la peque\u00f1a Ida (Rakel Lenora Petersen Fl\u00f8ttum), quien se ha mudado con su familia a Oslo, en contra de sus deseos, debido a que su hermana un poco mayor, a quien molesta constantemente, Anna (Alva Brynsmo Ramstad), sufre autismo y podr\u00e1 ser atendida de mejor forma ah\u00ed. Al vivir en un complejo de torres departamentales, al poco tiempo Ida entabla amistad con un ni\u00f1o marginado de nombre Ben (Sam Ashraf), parte de un hogar marcado por la violencia, que le conf\u00eda en secreto que posee alg\u00fan tipo de poder mental que le permite mover cosas peque\u00f1as con la mente. Al mismo tiempo, Anna, que hasta ese momento ha sido incapaz de comunicarse con nadie por su condici\u00f3n, conoce a Aisha (Mina Yasmin Bremseth Asheim), una ni\u00f1a que tambi\u00e9n cuenta con habilidades mentales, en su caso, el de escuchar los pensamientos de los dem\u00e1s, por lo que es la \u00fanica capaz de entender a Anna y saber lo que piensa, descubriendo que esta \u00faltima tambi\u00e9n cuenta con las mismas habilidades que Ben. Al notar que al encontrarse juntos sus dones aumentan, se forma un grupo entre los cuatro (a pesar de que Ida no tiene ninguno), entablando amistad y descubriendo los alcances de sus poderes, iniciando con juegos y actos inocentes, para poco a poco dar paso a situaciones m\u00e1s densas que mostrar\u00e1n el verdadero interior de algunos de ellos, con consecuencias siniestras para todo aquel que se interponga en su camino.<\/p>\n\n\n\n<p>Con esta premisa, Eskil&nbsp;<a>Vogt<\/a>, quien logr\u00f3 una nominaci\u00f3n al Oscar por el gui\u00f3n de la laureada cinta de Joachim Trier, Verdens verste menneske (La peor persona del mundo) hace dos a\u00f1os, se tom\u00f3 el tiempo de realizar casi a la par este, su segundo trabajo como director, donde tambi\u00e9n escribi\u00f3 la historia. Aunque la mayor\u00eda de la atenci\u00f3n le lleg\u00f3 por la pel\u00edcula mencionada, eso no impidi\u00f3 que su proyecto sobrenatural recibiera elogios por cuenta propia, cosa que no es de extra\u00f1ar una vez que la cinta se ha visto y se hace evidente que logr\u00f3 desarrollar una s\u00f3lida historia que muestra un an\u00e1lisis inteligente sobre la infancia y la violencia, provocada o recibida, que puede darse en esta etapa.&nbsp;<\/p>\n\n\n\n<p>Apoyado en un excelente trabajo de sus cuatro ni\u00f1os protagonistas, el director fue lo suficientemente inteligente para sortear los errores en que han ca\u00eddo otras cintas del tipo, como lo fue el fracaso Brightburn (2019), en el que se cre\u00f3 una historia que nos hace pensar que suceder\u00eda en caso de que, en su infancia, alguien con los poderes de Superman decidiera tomar el camino del mal, resultando en esos trabajos que suenan mejor al momento de planificarlos que de realizarlos.&nbsp;&nbsp;Vogt logra evitar, aunque tocando temas comunes en las pel\u00edculas sobre descubrimiento infantil, caer en cuestiones por dem\u00e1s fantasiosas, a pesar del g\u00e9nero en que trabaja, ya que los comportamientos de los infantes son de naturaleza realista. En su historia cada uno tiene sus razones para actuar como lo hace, toma decisiones basadas en sus experiencias de vida y a partir de estas es que sus personajes se desarrollan en un universo que es visto a trav\u00e9s de los ojos de los ni\u00f1os en su totalidad, donde los adultos ni siquiera tienen un nombre m\u00e1s all\u00e1 del de pap\u00e1 o mam\u00e1. Este es un mundo de ni\u00f1os, cruel y violento, pero de ni\u00f1os al fin y al cabo.<\/p>\n\n\n\n<p>Con una atmosfera austera y ritmo pausado, porque no necesita otro estilo, vemos al inicio como se realizan actos violentos contra animales y otros ni\u00f1os, por el simple placer de hacerlos, lo que puede darnos una falsa ilusi\u00f3n de que nos encontramos ante personajes unidimensionales que realizan maldades s\u00f3lo porque s\u00ed, pero esto cambia una vez que se nos permite ver las realidades en que estos infantes habitan. Tenemos a una ni\u00f1a con el s\u00edndrome de hija desplazada por la atenci\u00f3n que recibe su hermana enferma, por lo que desahoga su frustraci\u00f3n tortur\u00e1ndola f\u00edsicamente al no estar al tanto de lo que siente y piensa la otra. En el caso de Ben, se nos muestra la versi\u00f3n cl\u00e1sica del \u201cviolencia genera violencia\u201d, ya que al verse en una situaci\u00f3n de poder por primera vez, despu\u00e9s de haber sido v\u00edctima de abusos por parte de otros ni\u00f1os e incluso su propia madre que desfoga sus frustraciones en su hijo, el ni\u00f1o no sabe reaccionar de otra forma que la que se le ha dado a lo largo de su corta existencia. Por otro lado, est\u00e1 el personaje que trata de hacer lo correcto, a pesar de saber que los adultos le mienten al poder percibir sus pensamientos, estando al tanto del sufrimiento que tratan de ocultarle, por lo que intenta ser la mejor versi\u00f3n de s\u00ed misma para no acrecentar ese dolor. Todos ellos en medio de un mundo adulto que los relega de cierta forma, en una etapa en la que se debe poner un mayor \u00e9nfasis en la educaci\u00f3n y cuidado que los ni\u00f1os necesitan.<\/p>\n\n\n\n<p>Vogt no da explicaciones sobre la raz\u00f3n de que estos ni\u00f1os tengan habilidades especiales y no las necesitamos, porque esto es terror o suspenso elevado, lo que nos indica que no es el punto medular de la trama, ya que siempre hay otro tema bajo la superficie en este tipo de realizaciones. Esta es una \u201ccoming of age\u201d sobrenatural, s\u00ed, pero no deja de ser una narraci\u00f3n que nos habla de la transici\u00f3n de una etapa a otra, una que no se toca tanto como la de la adolescencia dando paso la vida adulta, pero que es vital como la otra. Para narrarnos este transitar, el director no se apoya en artificios efectistas, aunque la cinta resulta demasiado funcional para su manufactura casi independiente, ya que salvo un par de recursos t\u00e9cnicos, su uso es casi nulo. Para mostrarnos su universo, tan solo basta el apartado sonoro y una cuidada fotograf\u00eda para que podamos sentir el miedo que sienten estos ni\u00f1os, ya sea cuando comienzan a enfrentarse unos a otros, como al mismo mundo que no logran comprender del todo y a las figuras de autoridad que deber\u00edan brindarles protecci\u00f3n y cuidados, pero que en algunos casos no lo hacen.<\/p>\n\n\n\n<p>De Uskyldige es una cinta que posiblemente tenga su mayor \u201cdefecto\u201d en esa austeridad que la aleja de volverse memorable, as\u00ed como no mostrar en realidad nada nuevo sobre el tema, pero es una manera inteligente y lograda de hablarnos de temas como los traumas infantiles que terminan marcando nuestras vidas sin que los adultos sepan el da\u00f1o o beneficio que causan con sus acciones. Una pel\u00edcula recomendable en medio de una temporada en que inician los estrenos ruidosos y pirot\u00e9cnicos sin contenido que acaparan la cartelera, que vale la pena si te gustan las historias, aparte del espect\u00e1culo visual.&nbsp;<\/p>\n","protected":false},"excerpt":{"rendered":"<p>Aunque para mi cualquier clase de ni\u00f1o me parece terror\u00edfico, hay algo de perturbador en las pel\u00edculas en donde los causantes del mal son estos seres que transitan por una &hellip; <a href=\"https:\/\/lavereda.com.mx\/index.php\/2023\/05\/12\/de-uskyldige-2021\/\" class=\"more-link\">Leer m\u00e1s<\/a><\/p>\n","protected":false},"author":9,"featured_media":5112,"comment_status":"open","ping_status":"open","sticky":false,"template":"","format":"standard","meta":{"footnotes":""},"categories":[6,18],"tags":[40],"class_list":["post-5111","post","type-post","status-publish","format-standard","has-post-thumbnail","hentry","category-cinetv","category-lomasrelevante","tag-cine","entry"],"_links":{"self":[{"href":"https:\/\/lavereda.com.mx\/index.php\/wp-json\/wp\/v2\/posts\/5111","targetHints":{"allow":["GET"]}}],"collection":[{"href":"https:\/\/lavereda.com.mx\/index.php\/wp-json\/wp\/v2\/posts"}],"about":[{"href":"https:\/\/lavereda.com.mx\/index.php\/wp-json\/wp\/v2\/types\/post"}],"author":[{"embeddable":true,"href":"https:\/\/lavereda.com.mx\/index.php\/wp-json\/wp\/v2\/users\/9"}],"replies":[{"embeddable":true,"href":"https:\/\/lavereda.com.mx\/index.php\/wp-json\/wp\/v2\/comments?post=5111"}],"version-history":[{"count":1,"href":"https:\/\/lavereda.com.mx\/index.php\/wp-json\/wp\/v2\/posts\/5111\/revisions"}],"predecessor-version":[{"id":5113,"href":"https:\/\/lavereda.com.mx\/index.php\/wp-json\/wp\/v2\/posts\/5111\/revisions\/5113"}],"wp:featuredmedia":[{"embeddable":true,"href":"https:\/\/lavereda.com.mx\/index.php\/wp-json\/wp\/v2\/media\/5112"}],"wp:attachment":[{"href":"https:\/\/lavereda.com.mx\/index.php\/wp-json\/wp\/v2\/media?parent=5111"}],"wp:term":[{"taxonomy":"category","embeddable":true,"href":"https:\/\/lavereda.com.mx\/index.php\/wp-json\/wp\/v2\/categories?post=5111"},{"taxonomy":"post_tag","embeddable":true,"href":"https:\/\/lavereda.com.mx\/index.php\/wp-json\/wp\/v2\/tags?post=5111"}],"curies":[{"name":"wp","href":"https:\/\/api.w.org\/{rel}","templated":true}]}}