{"id":5105,"date":"2023-05-10T21:14:24","date_gmt":"2023-05-10T21:14:24","guid":{"rendered":"http:\/\/lavereda.com.mx\/?p=5105"},"modified":"2023-05-10T21:14:25","modified_gmt":"2023-05-10T21:14:25","slug":"jaime-hinojosa-recibe-el-premio-nacional-de-danza-jose-limon-2023","status":"publish","type":"post","link":"https:\/\/lavereda.com.mx\/index.php\/2023\/05\/10\/jaime-hinojosa-recibe-el-premio-nacional-de-danza-jose-limon-2023\/","title":{"rendered":"Jaime Hinojosa recibe el Premio Nacional de Danza Jos\u00e9 Lim\u00f3n 2023"},"content":{"rendered":"\n<ul class=\"wp-block-list\"><li>La entrega se llev\u00f3 a cabo la noche del martes 9 de mayo en el marco del Festival Internacional de Danza\u00a0<em>Jos\u00e9 Lim\u00f3n<\/em>\u00a02023 en Culiac\u00e1n, Sinaloa.<\/li><\/ul>\n\n\n\n<p>Con 50 a\u00f1os de trayectoria en diversas facetas en la danza contempor\u00e1nea de M\u00e9xico, el maestro Jaime Hinojosa, director de la compa\u00f1\u00eda Mezquite, ha sido acreedor al XXXVI Premio Nacional de Danza Contempor\u00e1nea\u00a0<em>Jos\u00e9 Lim\u00f3n 2023.<\/em><\/p>\n\n\n\n<p>El docente, director, core\u00f3grafo y bailar\u00edn, recibi\u00f3 ayer el galard\u00f3n, m\u00e1ximo reconocimiento que se otorga a nivel nacional a personalidades que han dedicado su labor a la actividad danc\u00edstica.&nbsp;<\/p>\n\n\n\n<p>Hinojosa ha destacado por ser bailar\u00edn de Ballet Independiente de M\u00e9xico durante m\u00e1s de 20 a\u00f1os, despu\u00e9s un gran formador de bailarines profesionales, fundador de la Escuela Municipal de Danza de Torre\u00f3n (Esdacont), la \u00fanica que ofrece la licenciatura en danza contempor\u00e1nea en esta ciudad.<\/p>\n\n\n\n<p>El jurado de la edici\u00f3n 2023 de este premio fue integrado por las maestras Claudia Lavista y Cecilia Lugo, as\u00ed como por el maestro Miguel Mancillas, quienes determinaron por unanimidad otorgar el reconocimiento a Jaime Hinojosa, por ser pionero de la actividad danc\u00edstica en la zona de la Comarca Lagunera, y contar con m\u00e1s de 50 a\u00f1os de trayectoria en m\u00faltiples facetas y \u00e1reas de la danza contempor\u00e1nea, como son la ejecuci\u00f3n, coreograf\u00eda, &nbsp;promoci\u00f3n, direcci\u00f3n y la ense\u00f1anza, as\u00ed como la gesti\u00f3n y el impulso a nuevos proyectos danc\u00edsticos; inform\u00f3 el INBAL en un comunicado de prensa.<\/p>\n\n\n\n<p>El quehacer del maestro Hinojosa se extiende en la regi\u00f3n noroeste del pa\u00eds como fundador de diversos espacios de formaci\u00f3n y como director de la compa\u00f1\u00eda Mezquite Danza Contempor\u00e1nea, AC. Tambi\u00e9n por su perseverante labor durante varias d\u00e9cadas en la promoci\u00f3n de colaboraciones regionales para el desarrollo de la danza contempor\u00e1nea y el impulso a las nuevas generaciones en la zona.<\/p>\n\n\n\n<p>De manera previa a la ceremonia de entrega, el homenajeado refiri\u00f3: \u201cEs dif\u00edcil responder sobre el significado de recibir este reconocimiento, sobre todo por la figura de quienes lo han recibido antes: Ra\u00fal Flores Canelo, Guillermina Bravo, Adriana Cata\u00f1o, otros de mi generaci\u00f3n como Bernardo Ben\u00edtez el a\u00f1o pasado. Creo que esta generaci\u00f3n que acabo de mencionar nunca ha trabajado ni trabajar\u00e1 por alg\u00fan reconocimiento, ha trabajado porque encuentra un reconocimiento en su d\u00eda a d\u00eda y en la pasi\u00f3n.<\/p>\n\n\n\n<blockquote class=\"wp-block-quote is-layout-flow wp-block-quote-is-layout-flow\"><p>\u201cRecibir el premio me obliga en cierta medida a ense\u00f1ar a las nuevas generaciones que tenemos que dar un valor al humanismo, tan grande como el que le damos a la t\u00e9cnica. La t\u00e9cnica se va a recrear mientras no pierdas el humanismo, la poes\u00eda, la literatura, la pintura\u2026 los cl\u00e1sicos, porque ellos van a coadyuvar definitivamente a que tu escena sea m\u00e1s profunda, a que tu representaci\u00f3n esc\u00e9nica sea m\u00e1s sensible (\u2026) Amo la danza, no dejen de amarla y vivan para ustedes para poder vivir por la danza\u201d, finaliz\u00f3.<\/p><\/blockquote>\n\n\n\n<figure class=\"wp-block-image size-large is-resized\"><img fetchpriority=\"high\" decoding=\"async\" src=\"https:\/\/lavereda.com.mx\/wp-content\/uploads\/2023\/05\/17825-GAL-sinaloa_2-768x1024.jpg\" alt=\"\" class=\"wp-image-5107\" width=\"428\" height=\"571\" srcset=\"https:\/\/lavereda.com.mx\/wp-content\/uploads\/2023\/05\/17825-GAL-sinaloa_2-768x1024.jpg 768w, https:\/\/lavereda.com.mx\/wp-content\/uploads\/2023\/05\/17825-GAL-sinaloa_2-225x300.jpg 225w, https:\/\/lavereda.com.mx\/wp-content\/uploads\/2023\/05\/17825-GAL-sinaloa_2.jpg 1000w\" sizes=\"(max-width: 428px) 100vw, 428px\" \/><\/figure>\n\n\n\n<p>Durante la ceremonia de entrega del premio, Juan Salvador Avil\u00e9s Ochoa, director del Instituto Sinaloense de Cultura (Isic) extern\u00f3: \u201cEstamos contentos porque en esta ocasi\u00f3n se va a premiar a un destacado bailar\u00edn y core\u00f3grafo, maestro, escritor, servidor p\u00fablico y que gracias a esta labor que ha hecho en el noreste de nuestro pa\u00eds (\u2026) y el esfuerzo que ha hecho a lo largo de varias d\u00e9cadas, hoy es reconocido y eso nos llena de satisfacci\u00f3n\u201d.<\/p>\n\n\n\n<p>Por su parte, la coordinadora nacional de Danza, Nina Serratos Zavala, quien acudi\u00f3 en representaci\u00f3n de la directora general del Instituto Nacional de Bellas Artes y Literatura (Inbal), Lucina Jim\u00e9nez L\u00f3pez, se\u00f1al\u00f3: \u201cHablar de Jaime Hinojosa es describir a uno de los m\u00e1s importantes exponentes en esta disciplina, gracias a su talento que le ha permitido ser un gran formador de bailarinas, bailarines, core\u00f3grafas, core\u00f3grafos, directoras y directores. Para Jaime Hinojosa, quien desde su infancia supo de su pasi\u00f3n, la danza contempor\u00e1nea ha sido una disciplina que le ha permitido experimentar la libertad, forjarse e impulsar la creaci\u00f3n de muchos semilleros de esa pasi\u00f3n\u201d<\/p>\n\n\n\n<p>La ceremonia de entrega de este galard\u00f3n se llev\u00f3 a cabo la noche del martes 9 de mayo en el Teatro\u00a0<em>Pablo de Villavicencio<\/em>, en el marco del Festival Internacional de Danza\u00a0<em>Jos\u00e9 Lim\u00f3n<\/em>2023, celebrado en la ciudad de Culiac\u00e1n, Sinaloa. De manera posterior se ofreci\u00f3 una funci\u00f3n especial con el programa coreogr\u00e1fico titulado\u00a0<em>Mar de huellas<\/em>, el cual surgi\u00f3 del encuentro entre dos centros formativos de danza, pilares en el estado: la Escuela Superior de Danza de Sinaloa (ESDS) y la Escuela Profesional de Danza de Mazatl\u00e1n (EPDM).\u00a0<\/p>\n\n\n\n<p><em>Fuente: www.inba.gob.mx<\/em><\/p>\n\n\n\n<p><\/p>\n","protected":false},"excerpt":{"rendered":"<p>La entrega se llev\u00f3 a cabo la noche del martes 9 de mayo en el marco del Festival Internacional de Danza\u00a0Jos\u00e9 Lim\u00f3n\u00a02023 en Culiac\u00e1n, Sinaloa. Con 50 a\u00f1os de trayectoria &hellip; <a href=\"https:\/\/lavereda.com.mx\/index.php\/2023\/05\/10\/jaime-hinojosa-recibe-el-premio-nacional-de-danza-jose-limon-2023\/\" class=\"more-link\">Leer m\u00e1s<\/a><\/p>\n","protected":false},"author":9,"featured_media":5106,"comment_status":"open","ping_status":"open","sticky":false,"template":"","format":"standard","meta":{"footnotes":""},"categories":[2,18],"tags":[],"class_list":["post-5105","post","type-post","status-publish","format-standard","has-post-thumbnail","hentry","category-artes-escenicas","category-lomasrelevante","entry"],"_links":{"self":[{"href":"https:\/\/lavereda.com.mx\/index.php\/wp-json\/wp\/v2\/posts\/5105","targetHints":{"allow":["GET"]}}],"collection":[{"href":"https:\/\/lavereda.com.mx\/index.php\/wp-json\/wp\/v2\/posts"}],"about":[{"href":"https:\/\/lavereda.com.mx\/index.php\/wp-json\/wp\/v2\/types\/post"}],"author":[{"embeddable":true,"href":"https:\/\/lavereda.com.mx\/index.php\/wp-json\/wp\/v2\/users\/9"}],"replies":[{"embeddable":true,"href":"https:\/\/lavereda.com.mx\/index.php\/wp-json\/wp\/v2\/comments?post=5105"}],"version-history":[{"count":1,"href":"https:\/\/lavereda.com.mx\/index.php\/wp-json\/wp\/v2\/posts\/5105\/revisions"}],"predecessor-version":[{"id":5108,"href":"https:\/\/lavereda.com.mx\/index.php\/wp-json\/wp\/v2\/posts\/5105\/revisions\/5108"}],"wp:featuredmedia":[{"embeddable":true,"href":"https:\/\/lavereda.com.mx\/index.php\/wp-json\/wp\/v2\/media\/5106"}],"wp:attachment":[{"href":"https:\/\/lavereda.com.mx\/index.php\/wp-json\/wp\/v2\/media?parent=5105"}],"wp:term":[{"taxonomy":"category","embeddable":true,"href":"https:\/\/lavereda.com.mx\/index.php\/wp-json\/wp\/v2\/categories?post=5105"},{"taxonomy":"post_tag","embeddable":true,"href":"https:\/\/lavereda.com.mx\/index.php\/wp-json\/wp\/v2\/tags?post=5105"}],"curies":[{"name":"wp","href":"https:\/\/api.w.org\/{rel}","templated":true}]}}