{"id":5101,"date":"2023-05-10T03:06:29","date_gmt":"2023-05-10T03:06:29","guid":{"rendered":"http:\/\/lavereda.com.mx\/?p=5101"},"modified":"2023-05-10T03:06:30","modified_gmt":"2023-05-10T03:06:30","slug":"el-concierto-sinfonico-de-star-wars-tendra-teatro-lleno","status":"publish","type":"post","link":"https:\/\/lavereda.com.mx\/index.php\/2023\/05\/10\/el-concierto-sinfonico-de-star-wars-tendra-teatro-lleno\/","title":{"rendered":"El concierto sinf\u00f3nico de Star Wars tendr\u00e1 teatro lleno"},"content":{"rendered":"\n<p>El Instituto de M\u00fasica de Coahuila, a trav\u00e9s de su patronato y su direcci\u00f3n, anunci\u00f3 en rueda de prensa que las localidades para el Concierto Sinf\u00f3nico Star Wars con Camerata de Coahuila a beneficio de esta instituci\u00f3n, ya se agotaron el d\u00eda de ayer. Agradecieron la amplia respuesta del p\u00fablico que podr\u00e1 disfrutar de un espect\u00e1culo musical con la obra de la saga cinematogr\u00e1fica que ya es un cl\u00e1sico universal.<\/p>\n\n\n\n<p>La funci\u00f3n es e viernes 12 de mayo a las 20:00 horas en el Teatro Nazas, contar\u00e1 con la direcci\u00f3n del maestro Ethan Eager y la producci\u00f3n de Javier Bred\u00e9e.\u00a0<\/p>\n\n\n\n<p>La presidenta del patronato, Lucrecia Mart\u00ednez de Santib\u00e1\u00f1ez, coment\u00f3 que existe toda una cultura alrededor de esta m\u00fasica hecha para el cine y agradeci\u00f3 a todas las personas que compraron sus boletos con anticipaci\u00f3n. Dijo que ser\u00e1 a benefici\u00f3 del INMUS, para la compra de algunos instrumentos utilizados por las ni\u00f1as y ni\u00f1os que estudian en esta escuela, as\u00ed mismo para dotar de un mejor equipo al teatro del recinto.<\/p>\n\n\n\n<p>Por su parte, Ram\u00f3n Shade director de la Camerata, coment\u00f3 que la orquesta ha tenido diferentes lugares de ensayo, \u201cel INMUS invita a Camerata a ensayar aqu\u00ed y nosotros retribuimos con un concierto recaudatorio\u201d.<\/p>\n\n\n\n<p>El director de este concierto, Ethan Eager, dijo que la de Star Wars es una m\u00fasica es muy emocionante, \u201cJohn Williams abarca toda la gama de sentimientos humanos. Es emocionante tocarla y escucharla\u201d.<\/p>\n\n\n\n<p>Los organizadores informaron que en un mes se agotaron los boletos para este espect\u00e1culo y debido a que es un concierto sinf\u00f3nico, se contrataron m\u00e1s m\u00fasicos de la secci\u00f3n de metales.<\/p>\n\n\n\n<p>El programa contar\u00e1 con un intermedio e incluir\u00e1 los temas principales de la pel\u00edcula y los que salieron despu\u00e9s, pero la mayor parte es de la trilog\u00eda original.<\/p>\n\n\n\n<p>En la rueda de prensa particip\u00f3 tambi\u00e9n Ver\u00f3nica Soto, integrante del patronato del INMUS y el maestro de m\u00fasica e integrante de la Camerata, Ioseb Gamilagdishvili.<\/p>\n\n\n\n<figure class=\"wp-block-image size-full is-resized\"><img fetchpriority=\"high\" decoding=\"async\" src=\"https:\/\/lavereda.com.mx\/wp-content\/uploads\/2023\/05\/IMG_7085.jpg\" alt=\"\" class=\"wp-image-5103\" width=\"692\" height=\"519\" srcset=\"https:\/\/lavereda.com.mx\/wp-content\/uploads\/2023\/05\/IMG_7085.jpg 1000w, https:\/\/lavereda.com.mx\/wp-content\/uploads\/2023\/05\/IMG_7085-300x225.jpg 300w, https:\/\/lavereda.com.mx\/wp-content\/uploads\/2023\/05\/IMG_7085-768x576.jpg 768w\" sizes=\"(max-width: 692px) 100vw, 692px\" \/><\/figure>\n","protected":false},"excerpt":{"rendered":"<p>El Instituto de M\u00fasica de Coahuila, a trav\u00e9s de su patronato y su direcci\u00f3n, anunci\u00f3 en rueda de prensa que las localidades para el Concierto Sinf\u00f3nico Star Wars con Camerata &hellip; <a href=\"https:\/\/lavereda.com.mx\/index.php\/2023\/05\/10\/el-concierto-sinfonico-de-star-wars-tendra-teatro-lleno\/\" class=\"more-link\">Leer m\u00e1s<\/a><\/p>\n","protected":false},"author":9,"featured_media":5102,"comment_status":"open","ping_status":"open","sticky":false,"template":"","format":"standard","meta":{"footnotes":""},"categories":[18,4],"tags":[],"class_list":["post-5101","post","type-post","status-publish","format-standard","has-post-thumbnail","hentry","category-lomasrelevante","category-musica","entry"],"_links":{"self":[{"href":"https:\/\/lavereda.com.mx\/index.php\/wp-json\/wp\/v2\/posts\/5101","targetHints":{"allow":["GET"]}}],"collection":[{"href":"https:\/\/lavereda.com.mx\/index.php\/wp-json\/wp\/v2\/posts"}],"about":[{"href":"https:\/\/lavereda.com.mx\/index.php\/wp-json\/wp\/v2\/types\/post"}],"author":[{"embeddable":true,"href":"https:\/\/lavereda.com.mx\/index.php\/wp-json\/wp\/v2\/users\/9"}],"replies":[{"embeddable":true,"href":"https:\/\/lavereda.com.mx\/index.php\/wp-json\/wp\/v2\/comments?post=5101"}],"version-history":[{"count":1,"href":"https:\/\/lavereda.com.mx\/index.php\/wp-json\/wp\/v2\/posts\/5101\/revisions"}],"predecessor-version":[{"id":5104,"href":"https:\/\/lavereda.com.mx\/index.php\/wp-json\/wp\/v2\/posts\/5101\/revisions\/5104"}],"wp:featuredmedia":[{"embeddable":true,"href":"https:\/\/lavereda.com.mx\/index.php\/wp-json\/wp\/v2\/media\/5102"}],"wp:attachment":[{"href":"https:\/\/lavereda.com.mx\/index.php\/wp-json\/wp\/v2\/media?parent=5101"}],"wp:term":[{"taxonomy":"category","embeddable":true,"href":"https:\/\/lavereda.com.mx\/index.php\/wp-json\/wp\/v2\/categories?post=5101"},{"taxonomy":"post_tag","embeddable":true,"href":"https:\/\/lavereda.com.mx\/index.php\/wp-json\/wp\/v2\/tags?post=5101"}],"curies":[{"name":"wp","href":"https:\/\/api.w.org\/{rel}","templated":true}]}}