{"id":5092,"date":"2023-05-06T01:57:44","date_gmt":"2023-05-06T01:57:44","guid":{"rendered":"http:\/\/lavereda.com.mx\/?p=5092"},"modified":"2023-05-06T01:57:45","modified_gmt":"2023-05-06T01:57:45","slug":"le-bistro-don-lute-la-obra-infantil-que-no-te-puedes-perder","status":"publish","type":"post","link":"https:\/\/lavereda.com.mx\/index.php\/2023\/05\/06\/le-bistro-don-lute-la-obra-infantil-que-no-te-puedes-perder\/","title":{"rendered":"\u201cLe bistro Don Lute\u201d, la obra infantil que no te puedes perder"},"content":{"rendered":"\n<p>Para cerrar con broche de oro una gran temporada de espect\u00e1culos infantiles, este&nbsp;<strong>domingo 7 de mayo&nbsp;<\/strong>se presenta la puesta en escena \u201cLe bistro Don Lute\u201d, con la participaci\u00f3n de Ra\u00fal J\u00e1quez, Er\u00f3n Vargas y m\u00fasicos invitados, a las&nbsp;<strong>17:00 horas en el Teatro Alfonso Garibay.<\/strong><\/p>\n\n\n\n<figure class=\"wp-block-image size-full\"><img fetchpriority=\"high\" decoding=\"async\" width=\"1000\" height=\"750\" src=\"https:\/\/lavereda.com.mx\/wp-content\/uploads\/2023\/05\/WhatsApp-Image-2023-05-05-at-11.26.43.jpeg\" alt=\"\" class=\"wp-image-5094\" srcset=\"https:\/\/lavereda.com.mx\/wp-content\/uploads\/2023\/05\/WhatsApp-Image-2023-05-05-at-11.26.43.jpeg 1000w, https:\/\/lavereda.com.mx\/wp-content\/uploads\/2023\/05\/WhatsApp-Image-2023-05-05-at-11.26.43-300x225.jpeg 300w, https:\/\/lavereda.com.mx\/wp-content\/uploads\/2023\/05\/WhatsApp-Image-2023-05-05-at-11.26.43-768x576.jpeg 768w\" sizes=\"(max-width: 1000px) 100vw, 1000px\" \/><\/figure>\n\n\n\n<p>Le bistro Don Lute es un espect\u00e1culo teatral dividido en tres actos que cuenta la historia de un comerciante de un bistro y su relaci\u00f3n con un grupo de m\u00fasicos. El personaje de Don Lute es representado por un mimo y la m\u00fasica original es interpretada en vivo por un cuarteto. El mimo y la m\u00fasica representan una mirada c\u00f3mica a las vicisitudes cotidianas.<\/p>\n\n\n\n<p>En el primer acto (Hogar dulce hogar): Un comerciante se encuentra listo para descansar, despu\u00e9s de un d\u00eda de mucho trabajo, pero le es imposible debido a que sus vecinos m\u00fasicos ensayan hasta altas horas de la noche a un fuerte vol\u00famen.<\/p>\n\n\n\n<p>Segundo acto (El cami\u00f3n): el comerciante se enfrenta al dif\u00edcil r\u00edtmo del transporte p\u00fablico.<\/p>\n\n\n\n<p>Tercer acto (Le Bistr\u00f3): la llegada de los m\u00fasicos y de los comensales tornan un d\u00eda dif\u00edcil al mesero comerciante del bistr\u00f3.<\/p>\n\n\n\n<p>La m\u00fasica de esta obra es original de Ra\u00fal J\u00e1quez, quien coment\u00f3 que este espect\u00e1culo est\u00e1 dirigido a toda la familia con especial inter\u00e9s en la infancia, para despertar su imaginaci\u00f3n y promover otro tipo de entretenimiento. Se\u00f1al\u00f3 que Er\u00f3n Vargas, con una gran capacidad teatral y corporal, le dar\u00e1 el toque de humor a la obra.<\/p>\n\n\n\n<p>De esta forma cierra la temporada de tres montajes infantiles que el proyecto de educaci\u00f3n \u201cLes Enfants\u201d de Ra\u00fal J\u00e1quez, ofrece a las familias laguneras.<\/p>\n\n\n\n<p>Las dos obras anteriores presentadas en el Teatro Garibay fueron: \u201cDinosaurios y Cowboys\u201d y \u201cEl artista interrumpido\u201d, que contaron con buena respuesta por parte del p\u00fablico.<\/p>\n","protected":false},"excerpt":{"rendered":"<p>Para cerrar con broche de oro una gran temporada de espect\u00e1culos infantiles, este&nbsp;domingo 7 de mayo&nbsp;se presenta la puesta en escena \u201cLe bistro Don Lute\u201d, con la participaci\u00f3n de Ra\u00fal &hellip; <a href=\"https:\/\/lavereda.com.mx\/index.php\/2023\/05\/06\/le-bistro-don-lute-la-obra-infantil-que-no-te-puedes-perder\/\" class=\"more-link\">Leer m\u00e1s<\/a><\/p>\n","protected":false},"author":17,"featured_media":5093,"comment_status":"open","ping_status":"open","sticky":false,"template":"","format":"standard","meta":{"footnotes":""},"categories":[2,18],"tags":[],"class_list":["post-5092","post","type-post","status-publish","format-standard","has-post-thumbnail","hentry","category-artes-escenicas","category-lomasrelevante","entry"],"_links":{"self":[{"href":"https:\/\/lavereda.com.mx\/index.php\/wp-json\/wp\/v2\/posts\/5092","targetHints":{"allow":["GET"]}}],"collection":[{"href":"https:\/\/lavereda.com.mx\/index.php\/wp-json\/wp\/v2\/posts"}],"about":[{"href":"https:\/\/lavereda.com.mx\/index.php\/wp-json\/wp\/v2\/types\/post"}],"author":[{"embeddable":true,"href":"https:\/\/lavereda.com.mx\/index.php\/wp-json\/wp\/v2\/users\/17"}],"replies":[{"embeddable":true,"href":"https:\/\/lavereda.com.mx\/index.php\/wp-json\/wp\/v2\/comments?post=5092"}],"version-history":[{"count":1,"href":"https:\/\/lavereda.com.mx\/index.php\/wp-json\/wp\/v2\/posts\/5092\/revisions"}],"predecessor-version":[{"id":5095,"href":"https:\/\/lavereda.com.mx\/index.php\/wp-json\/wp\/v2\/posts\/5092\/revisions\/5095"}],"wp:featuredmedia":[{"embeddable":true,"href":"https:\/\/lavereda.com.mx\/index.php\/wp-json\/wp\/v2\/media\/5093"}],"wp:attachment":[{"href":"https:\/\/lavereda.com.mx\/index.php\/wp-json\/wp\/v2\/media?parent=5092"}],"wp:term":[{"taxonomy":"category","embeddable":true,"href":"https:\/\/lavereda.com.mx\/index.php\/wp-json\/wp\/v2\/categories?post=5092"},{"taxonomy":"post_tag","embeddable":true,"href":"https:\/\/lavereda.com.mx\/index.php\/wp-json\/wp\/v2\/tags?post=5092"}],"curies":[{"name":"wp","href":"https:\/\/api.w.org\/{rel}","templated":true}]}}