{"id":5081,"date":"2023-05-04T00:54:49","date_gmt":"2023-05-04T00:54:49","guid":{"rendered":"http:\/\/lavereda.com.mx\/?p=5081"},"modified":"2023-05-04T20:46:27","modified_gmt":"2023-05-04T20:46:27","slug":"la-suite-carmen-de-bizet-vuelve-con-camerata-de-coahuila","status":"publish","type":"post","link":"https:\/\/lavereda.com.mx\/index.php\/2023\/05\/04\/la-suite-carmen-de-bizet-vuelve-con-camerata-de-coahuila\/","title":{"rendered":"La suite \u00abCarmen\u00bb de Bizet vuelve con Camerata de Coahuila"},"content":{"rendered":"\n<p>Este viernes cinco de mayo a las 20:30 horas se presentar\u00e1 el s\u00e9ptimo concierto de la temporada Primavera Verano 2023, bajo la direcci\u00f3n del Maestro Ram\u00f3n Shade, con  La suite \u201cCarmen\u201d de Georges Bizet y la participaci\u00f3n del clarinetista Juan Jos\u00e9 Carre\u00f3n con el concierto para clarinete en La Mayor KV.622 de Mozart.<\/p>\n\n\n\n<p>Bas\u00e1ndose en una novela del mismo t\u00edtulo escrita en 1846 por Prosper M\u00e9rim\u00e9e, Bizet comenz\u00f3 a componer Carmen en el verano de 1873 y la termin\u00f3 a fines de 1874. Se estren\u00f3 el 3 de marzo de 1875.<\/p>\n\n\n\n<p>Georges Bizet ha sido venerado como uno de los compositores m\u00e1s influyentes de todos los tiempos.<\/p>\n\n\n\n<p>El \u00e9xito de \u00abCarmen\u00bb no tuvo precedentes: se ha convertido en una de las \u00f3peras m\u00e1s grabadas de la historia. La partitura es una de las m\u00e1s reconocidas de toda la m\u00fasica gracias a melod\u00edas populares como la Habanera, la Canci\u00f3n del Toreador y el Intermezzo. \u00abCarmen\u00bb se ha adaptado a ballets, pel\u00edculas e incluso libros infantiles, lo que la convierte en una obra perdurable que va mucho m\u00e1s all\u00e1 de los escenarios.<\/p>\n\n\n\n<p>Sus obras han tenido un impacto duradero en el mundo de la m\u00fasica, y algunas de sus composiciones, como \u00abCarmen\u00bb, siguen siendo cl\u00e1sicos hasta nuestros d\u00edas. Las obras de Bizet tienen un car\u00e1cter \u00fanico e intemporal que las distingue de las de otros compositores.<\/p>\n\n\n\n<p>El Concierto para clarinete se estren\u00f3 en Praga el 16 de octubre de 1791, la salud de Mozart se fue deteriorando progresivamente y menos de dos meses despu\u00e9s, falleci\u00f3 a la edad de 35 a\u00f1os. Stadler continu\u00f3 interpretando el concierto en una gira por Europa y Rusia.<\/p>\n\n\n\n<figure class=\"wp-block-image size-full is-resized\"><img fetchpriority=\"high\" decoding=\"async\" src=\"https:\/\/lavereda.com.mx\/wp-content\/uploads\/2023\/05\/WhatsApp-Image-2023-05-03-at-16.58.28-2.jpeg\" alt=\"\" class=\"wp-image-5084\" width=\"714\" height=\"476\" srcset=\"https:\/\/lavereda.com.mx\/wp-content\/uploads\/2023\/05\/WhatsApp-Image-2023-05-03-at-16.58.28-2.jpeg 1000w, https:\/\/lavereda.com.mx\/wp-content\/uploads\/2023\/05\/WhatsApp-Image-2023-05-03-at-16.58.28-2-300x200.jpeg 300w, https:\/\/lavereda.com.mx\/wp-content\/uploads\/2023\/05\/WhatsApp-Image-2023-05-03-at-16.58.28-2-768x512.jpeg 768w\" sizes=\"(max-width: 714px) 100vw, 714px\" \/><\/figure>\n\n\n\n<p>Lamentablemente, la partitura original no se ha conservado. En 1801, el editor consider\u00f3 que ser\u00eda prudente efectuar modificaciones para que fuese interpretado en clarinetes sin tal extensi\u00f3n. Esta es la versi\u00f3n que escuchamos hoy en d\u00eda.<\/p>\n\n\n\n<p>Juan Jos\u00e9 Carre\u00f3n comenz\u00f3 sus estudios musicales a los 14 a\u00f1os ingresando al ciclo previo de la licenciatura en ejecuci\u00f3n de instrumentos orquestales, opci\u00f3n Clarinete, en el Instituto Superior de M\u00fasica del Estado de Veracruz, a cargo del Mtro. Daniel Cotter. En 2005 qued\u00f3 a cargo de la Mtra. Raquel Contreras Salinas. En esa fecha, en un lapso de 6 meses, tom\u00f3 clases con el Mtro. Jos\u00e9 Alberto Contreras Sosa, Co-principal y clarinete bajo de la Orquesta Sinf\u00f3nica de Xalapa.<\/p>\n\n\n\n<p>Ha participado en diversos escenarios de talla solista: Como el Jard\u00edn de las Esculturas, Casa Museo de Xalapa, Auditorio de Instituto Superior de M\u00fasica del&nbsp;Estado de Veracruz, Teatro \u201cIgnacio de la Llave\u201d en Orizaba, Sala chica del Teatro del Estado \u201cDagoberto Guillaumin\u201d. En 2013 toc\u00f3 de solista con la Orquesta Sinf\u00f3nica del Estado de Veracruz, en 2016 con la Orquesta de C\u00e1mara de Xalapa, en 2017 con Filarmon\u00eda y en 2018 con la orquesta sinf\u00f3nica de la Facultad de M\u00fasica de la Universidad Veracruzana, en 2020 con la Camerata de Coahuila y en 2021.<\/p>\n\n\n\n<p>Ha sido ganador del tercer lugar en el \u201cI Concurso Internacional de Clarinete de Monterrey\u201d y finalista del Concurso Nacional de Clarinete 2018, organizado por el&nbsp;Conservatorio Nacional de M\u00fasica<\/p>\n\n\n\n<p>Culmin\u00f3 sus estudios de la&nbsp;licenciatura en m\u00fasica \u201copci\u00f3n clarinete\u201d en 2018 con&nbsp;la maestra Raquel Contreras Salinas en la Facultad de M\u00fasica de la Universidad Veracruzana. Ingresa a la Camerata de Coahuila en 2019 como clarinetista principal el cual funge hasta la fecha.<\/p>\n\n\n\n<p>El s\u00e9ptimo concierto tendr\u00e1 una \u00fanica presentaci\u00f3n este viernes 05 de mayo, en punto de las 20:30 hrs., en el Teatro Isauro Mart\u00ednez.<\/p>\n\n\n\n<p>El costo de los boletos en planta baja es de $250.00, mezzanine $200.00 y galer\u00eda $100.00, los cuales pueden ser adquiridos en la plataforma Newticket y en taquillas del teatro en un horario de 10:00 a 14:00 hrs., y de 16:00 a 18:30 hrs.<\/p>\n","protected":false},"excerpt":{"rendered":"<p>Este viernes cinco de mayo a las 20:30 horas se presentar\u00e1 el s\u00e9ptimo concierto de la temporada Primavera Verano 2023, bajo la direcci\u00f3n del Maestro Ram\u00f3n Shade, con La suite &hellip; <a href=\"https:\/\/lavereda.com.mx\/index.php\/2023\/05\/04\/la-suite-carmen-de-bizet-vuelve-con-camerata-de-coahuila\/\" class=\"more-link\">Leer m\u00e1s<\/a><\/p>\n","protected":false},"author":17,"featured_media":5082,"comment_status":"open","ping_status":"open","sticky":false,"template":"","format":"standard","meta":{"footnotes":""},"categories":[18,4],"tags":[],"class_list":["post-5081","post","type-post","status-publish","format-standard","has-post-thumbnail","hentry","category-lomasrelevante","category-musica","entry"],"_links":{"self":[{"href":"https:\/\/lavereda.com.mx\/index.php\/wp-json\/wp\/v2\/posts\/5081","targetHints":{"allow":["GET"]}}],"collection":[{"href":"https:\/\/lavereda.com.mx\/index.php\/wp-json\/wp\/v2\/posts"}],"about":[{"href":"https:\/\/lavereda.com.mx\/index.php\/wp-json\/wp\/v2\/types\/post"}],"author":[{"embeddable":true,"href":"https:\/\/lavereda.com.mx\/index.php\/wp-json\/wp\/v2\/users\/17"}],"replies":[{"embeddable":true,"href":"https:\/\/lavereda.com.mx\/index.php\/wp-json\/wp\/v2\/comments?post=5081"}],"version-history":[{"count":3,"href":"https:\/\/lavereda.com.mx\/index.php\/wp-json\/wp\/v2\/posts\/5081\/revisions"}],"predecessor-version":[{"id":5086,"href":"https:\/\/lavereda.com.mx\/index.php\/wp-json\/wp\/v2\/posts\/5081\/revisions\/5086"}],"wp:featuredmedia":[{"embeddable":true,"href":"https:\/\/lavereda.com.mx\/index.php\/wp-json\/wp\/v2\/media\/5082"}],"wp:attachment":[{"href":"https:\/\/lavereda.com.mx\/index.php\/wp-json\/wp\/v2\/media?parent=5081"}],"wp:term":[{"taxonomy":"category","embeddable":true,"href":"https:\/\/lavereda.com.mx\/index.php\/wp-json\/wp\/v2\/categories?post=5081"},{"taxonomy":"post_tag","embeddable":true,"href":"https:\/\/lavereda.com.mx\/index.php\/wp-json\/wp\/v2\/tags?post=5081"}],"curies":[{"name":"wp","href":"https:\/\/api.w.org\/{rel}","templated":true}]}}