{"id":5077,"date":"2023-05-03T00:13:57","date_gmt":"2023-05-03T00:13:57","guid":{"rendered":"http:\/\/lavereda.com.mx\/?p=5077"},"modified":"2023-05-03T02:51:06","modified_gmt":"2023-05-03T02:51:06","slug":"conoce-tu-historia-familiar-impartiran-curso-de-genealogia","status":"publish","type":"post","link":"https:\/\/lavereda.com.mx\/index.php\/2023\/05\/03\/conoce-tu-historia-familiar-impartiran-curso-de-genealogia\/","title":{"rendered":"\u00a1Conoce tu historia familiar! Impartir\u00e1n curso de genealog\u00eda"},"content":{"rendered":"\n<p>El Archivo Municipal de Torre\u00f3n desarrolla actividades en torno al estudio y la investigaci\u00f3n de los datos hist\u00f3ricos, la dependencia mantiene abierta la convocatoria de inscripci\u00f3n para un nuevo curso-taller de genealog\u00eda, hacia el conocimiento de los antecedentes familiares.\u00a0<\/p>\n\n\n\n<p>La directora del Archivo Municipal, Cinthia Gaspar Montero, dio a conocer que el curso est\u00e1 dirigido a todas las personas interesadas en conocer su historia familiar y los lazos con sus antepasados.<\/p>\n\n\n\n<p>As\u00ed mismo, inform\u00f3 que ser\u00e1 impartido por el especialista Miguel \u00c1ngel Mu\u00f1oz Borrego, instructor de genealog\u00eda, paleograf\u00eda y archivos eclesi\u00e1sticos.&nbsp;<\/p>\n\n\n\n<p>Agreg\u00f3 que durante el taller se detallar\u00e1n aspectos como la memoria familiar y personal, la investigaci\u00f3n oral de campo, los archivos del registro civil, los archivos municipales y estatales, los archivos parroquiales y hechos significativos de la migraci\u00f3n en la Regi\u00f3n Lagunera.<\/p>\n\n\n\n<p>Tambi\u00e9n se hablar\u00e1 sobre la historia de los municipios de la Comarca Lagunera como Torre\u00f3n, G\u00f3mez Palacio, Lerdo y Matamoros, los registros de la propiedad, los testamentos, los notarios y los censos desde 1892, entre otros temas.<\/p>\n\n\n\n<p>El curso-taller consta de 5 sesiones quincenales, las cuales comenzar\u00e1n a partir del s\u00e1bado 6 de mayo, en un horario de las 11:00 a las 13:00 horas, en el Archivo Municipal, calle Acu\u00f1a 140 sur.<\/p>\n\n\n\n<p>Las personas interesadas en asistir ya pueden empezar a inscribirse. Los requisitos para ingresar es ser mayor de 18 a\u00f1os, llevar su acta de nacimiento con el nombre de sus abuelos y cubrir una cuota de recuperaci\u00f3n de 500 pesos.<\/p>\n\n\n\n<p>Acerca del ponente, Gaspar Montero mencion\u00f3 que ha sido Jefe de Proyectos y coordinador de Archivos Municipales Regi\u00f3n Sur-Coahuila, en el Archivo General del Estado de Coahuila (AGEC) 1994- 2005.&nbsp;<\/p>\n\n\n\n<p>Jefe de Proyectos y coordinador del \u00e1rea de Genealog\u00eda en el Archivo General del Estado de Coahuila. 2006-2020, entre otros cargos.<\/p>\n\n\n\n<p>Adem\u00e1s, ha impartido cursos y conferencias sobre archiv\u00edstica, genealog\u00eda o paleograf\u00eda en los estados de Coahuila, Durango, Nuevo Le\u00f3n y Texas.<\/p>\n\n\n\n<p>Para mayor informaci\u00f3n e inscripciones, los interesados pueden marcar al tel\u00e9fono 871 716 09 13 y en las oficinas del Archivo Municipal, e lunes a viernes, de 08:00 a 15:00 horas.<\/p>\n","protected":false},"excerpt":{"rendered":"<p>El Archivo Municipal de Torre\u00f3n desarrolla actividades en torno al estudio y la investigaci\u00f3n de los datos hist\u00f3ricos, la dependencia mantiene abierta la convocatoria de inscripci\u00f3n para un nuevo curso-taller &hellip; <a href=\"https:\/\/lavereda.com.mx\/index.php\/2023\/05\/03\/conoce-tu-historia-familiar-impartiran-curso-de-genealogia\/\" class=\"more-link\">Leer m\u00e1s<\/a><\/p>\n","protected":false},"author":17,"featured_media":5078,"comment_status":"open","ping_status":"open","sticky":false,"template":"","format":"standard","meta":{"footnotes":""},"categories":[18],"tags":[],"class_list":["post-5077","post","type-post","status-publish","format-standard","has-post-thumbnail","hentry","category-lomasrelevante","entry"],"_links":{"self":[{"href":"https:\/\/lavereda.com.mx\/index.php\/wp-json\/wp\/v2\/posts\/5077","targetHints":{"allow":["GET"]}}],"collection":[{"href":"https:\/\/lavereda.com.mx\/index.php\/wp-json\/wp\/v2\/posts"}],"about":[{"href":"https:\/\/lavereda.com.mx\/index.php\/wp-json\/wp\/v2\/types\/post"}],"author":[{"embeddable":true,"href":"https:\/\/lavereda.com.mx\/index.php\/wp-json\/wp\/v2\/users\/17"}],"replies":[{"embeddable":true,"href":"https:\/\/lavereda.com.mx\/index.php\/wp-json\/wp\/v2\/comments?post=5077"}],"version-history":[{"count":2,"href":"https:\/\/lavereda.com.mx\/index.php\/wp-json\/wp\/v2\/posts\/5077\/revisions"}],"predecessor-version":[{"id":5080,"href":"https:\/\/lavereda.com.mx\/index.php\/wp-json\/wp\/v2\/posts\/5077\/revisions\/5080"}],"wp:featuredmedia":[{"embeddable":true,"href":"https:\/\/lavereda.com.mx\/index.php\/wp-json\/wp\/v2\/media\/5078"}],"wp:attachment":[{"href":"https:\/\/lavereda.com.mx\/index.php\/wp-json\/wp\/v2\/media?parent=5077"}],"wp:term":[{"taxonomy":"category","embeddable":true,"href":"https:\/\/lavereda.com.mx\/index.php\/wp-json\/wp\/v2\/categories?post=5077"},{"taxonomy":"post_tag","embeddable":true,"href":"https:\/\/lavereda.com.mx\/index.php\/wp-json\/wp\/v2\/tags?post=5077"}],"curies":[{"name":"wp","href":"https:\/\/api.w.org\/{rel}","templated":true}]}}