{"id":5067,"date":"2023-04-28T01:50:04","date_gmt":"2023-04-28T01:50:04","guid":{"rendered":"http:\/\/lavereda.com.mx\/?p=5067"},"modified":"2023-04-28T02:58:33","modified_gmt":"2023-04-28T02:58:33","slug":"celebremos-el-dia-internacional-de-la-danza","status":"publish","type":"post","link":"https:\/\/lavereda.com.mx\/index.php\/2023\/04\/28\/celebremos-el-dia-internacional-de-la-danza\/","title":{"rendered":"Celebremos el D\u00eda Internacional de la Danza"},"content":{"rendered":"\n<p>Este s\u00e1bado 29 de abril, todos los bailarines del mundo ofician y celebran el D\u00eda Internacional de la Danza. <\/p>\n\n\n\n<p>El Comit\u00e9 Internacional de Teatro de la Unesco (ITI) instituy\u00f3 en 1982, que este d\u00eda sea el D\u00eda Internacional de la Danza que conmemora el nacimiento de Jean Pierre Noverre, core\u00f3grafo y te\u00f3rico de ruptura y vanguardia del siglo XVIII.<\/p>\n\n\n\n<p>Este d\u00eda, d\u00eda de todas las danzas, lo festejan los bailarines y core\u00f3grafos de La Comarca Lagunera con un marat\u00f3n danc\u00edstico en la escalinata de la Plaza Mayor a partir de las 7:15 de la tarde del d\u00eda 29.&nbsp; Convergen en \u00e9l la mayor\u00eda de las Academias de danza para celebrarla y festejar, todos juntos, el ritual del movimiento corporal bailando, girando, saltando, gritando y corriendo divertidos y a veces abatidos tanto en el espacio f\u00edsico como el emocional.<\/p>\n\n\n\n<p>Cada a\u00f1o, una celebridad internacional de la danza escribe el mensaje que se lee en todo el mundo, este a\u00f1o, le correspondi\u00f3 a Yang Liping, bailarina y core\u00f3grafa china, dice: <\/p>\n\n\n\n<blockquote class=\"wp-block-quote is-layout-flow wp-block-quote-is-layout-flow\"><p>\u201cEl lenguaje corporal es la forma m\u00e1s primitiva de comunicaci\u00f3n que tiene la humanidad, en una ocasi\u00f3n. La danza, siempre ha sido la llave que abre la comunicaci\u00f3n de los seres humanos con la naturaleza y los otros seres vivientes. Bailarines y core\u00f3grafos escuchemos m\u00e1s atentamente las alegr\u00edas y tristezas del mundo bailando para completar el di\u00e1logo que hemos sostenido con la naturaleza y la vida por miles de a\u00f1os\u00bb.<\/p><\/blockquote>\n\n\n\n<p>Al igual que todos los a\u00f1os, el entusiasmo de la comunidad danc\u00edstica, la Academia de Danza Nijinsky y la C\u00eda. Mezquite DC, operan su realizaci\u00f3n.<\/p>\n\n\n\n<p><strong>\u00a1Qu\u00e9 viva la danza, qui\u00e9nes la disfrutan y qui\u00e9nes la hacen!<\/strong><\/p>\n","protected":false},"excerpt":{"rendered":"<p>Este s\u00e1bado 29 de abril, todos los bailarines del mundo ofician y celebran el D\u00eda Internacional de la Danza. El Comit\u00e9 Internacional de Teatro de la Unesco (ITI) instituy\u00f3 en &hellip; <a href=\"https:\/\/lavereda.com.mx\/index.php\/2023\/04\/28\/celebremos-el-dia-internacional-de-la-danza\/\" class=\"more-link\">Leer m\u00e1s<\/a><\/p>\n","protected":false},"author":17,"featured_media":5068,"comment_status":"open","ping_status":"open","sticky":false,"template":"","format":"standard","meta":{"footnotes":""},"categories":[18,4],"tags":[],"class_list":["post-5067","post","type-post","status-publish","format-standard","has-post-thumbnail","hentry","category-lomasrelevante","category-musica","entry"],"_links":{"self":[{"href":"https:\/\/lavereda.com.mx\/index.php\/wp-json\/wp\/v2\/posts\/5067","targetHints":{"allow":["GET"]}}],"collection":[{"href":"https:\/\/lavereda.com.mx\/index.php\/wp-json\/wp\/v2\/posts"}],"about":[{"href":"https:\/\/lavereda.com.mx\/index.php\/wp-json\/wp\/v2\/types\/post"}],"author":[{"embeddable":true,"href":"https:\/\/lavereda.com.mx\/index.php\/wp-json\/wp\/v2\/users\/17"}],"replies":[{"embeddable":true,"href":"https:\/\/lavereda.com.mx\/index.php\/wp-json\/wp\/v2\/comments?post=5067"}],"version-history":[{"count":2,"href":"https:\/\/lavereda.com.mx\/index.php\/wp-json\/wp\/v2\/posts\/5067\/revisions"}],"predecessor-version":[{"id":5070,"href":"https:\/\/lavereda.com.mx\/index.php\/wp-json\/wp\/v2\/posts\/5067\/revisions\/5070"}],"wp:featuredmedia":[{"embeddable":true,"href":"https:\/\/lavereda.com.mx\/index.php\/wp-json\/wp\/v2\/media\/5068"}],"wp:attachment":[{"href":"https:\/\/lavereda.com.mx\/index.php\/wp-json\/wp\/v2\/media?parent=5067"}],"wp:term":[{"taxonomy":"category","embeddable":true,"href":"https:\/\/lavereda.com.mx\/index.php\/wp-json\/wp\/v2\/categories?post=5067"},{"taxonomy":"post_tag","embeddable":true,"href":"https:\/\/lavereda.com.mx\/index.php\/wp-json\/wp\/v2\/tags?post=5067"}],"curies":[{"name":"wp","href":"https:\/\/api.w.org\/{rel}","templated":true}]}}