{"id":5060,"date":"2023-04-27T03:08:27","date_gmt":"2023-04-27T03:08:27","guid":{"rendered":"http:\/\/lavereda.com.mx\/?p=5060"},"modified":"2023-04-27T18:58:10","modified_gmt":"2023-04-27T18:58:10","slug":"llega-torreon-el-corsario-con-el-ballet-de-monterrey","status":"publish","type":"post","link":"https:\/\/lavereda.com.mx\/index.php\/2023\/04\/27\/llega-torreon-el-corsario-con-el-ballet-de-monterrey\/","title":{"rendered":"Llega a Torre\u00f3n El Corsario con el Ballet de Monterrey"},"content":{"rendered":"\n<ul class=\"wp-block-list\"><li><em>Se ofrecer\u00e1n dos funciones con la participaci\u00f3n de Camerata de Coahuila, a beneficio de asociaciones que apoyan a ni\u00f1as y ni\u00f1os de sectores vulnerables<\/em>.<\/li><\/ul>\n\n\n\n<p>\u2018El Corsario\u2019, interpretado por el Ballet de Monterrey, con la coreograf\u00eda y direcci\u00f3n de Thiago Solares y la participaci\u00f3n de Camerata de Coahuila, llegar\u00e1 a Torre\u00f3n este viernes 28 y s\u00e1bado 29 de abril al Teatro Nazas, a las 20:00 horas. Las funciones se realizar\u00e1n a beneficio de la nueva Casa Cuna de DIF Torre\u00f3n y de otras asociaciones que apoyan a sectores vulnerables.<\/p>\n\n\n\n<p>En rueda de prensa se anunciaron los detalles de esta magna presentaci\u00f3n con una de las compa\u00f1\u00edas de danza cl\u00e1sica m\u00e1s consolidadas en M\u00e9xico, que en muy pocas ocasiones se ha presentado en esta ciudad. Se cont\u00f3 con la presencia de Selina Bremer, presidenta honoraria del DIF Torre\u00f3n, del director del Instituto Municipal de Cultura y Educaci\u00f3n, Antonio M\u00e9ndez Vigat\u00e1, entre otros organizadores.<\/p>\n\n\n\n<p>El director art\u00edstico de BdM Thiago solares coment\u00f3 que El Corsario \u201ces una de nuestras producciones favoritas, es muy emocionante hacer esta colaboraci\u00f3n con Camerata de Coahuila bajo la direcci\u00f3n de Ram\u00f3n Shade\u201d. El d\u00eda de ayer se realizaron los primeros ensayos con vestuario y orquesta en el Teatro Nazas.<\/p>\n\n\n\n<p>Agreg\u00f3 que Ballet de Monterrey es una compa\u00f1\u00eda de 33 a\u00f1os, cuya presidenta Yolanda Garza ha hecho de todo por traer lo mejor del ballet del mundo para M\u00e9xico. \u201cEn un mundo lleno de conflictos es muy especial poder hacer un evento as\u00ed. Es una producci\u00f3n cl\u00e1sica muy profesional, yo decid\u00ed usar un poco lo qu\u00e9 pasa en el mundo, donde la figura de la mujer est\u00e1 en un lugar empoderado\u201d.<\/p>\n\n\n\n<p>Esta gran obra contar\u00e1 con la interpretaci\u00f3n de&nbsp;Sasha de Sola como solista.&nbsp;\u201cSasha es bailarina de San Francisco Ballet, est\u00e1 en un gran momento, como cuando una estrella est\u00e1 en su mayor brillo\u201d, dijo que core\u00f3grafo sobre la participaci\u00f3n de la bailarina, quien se mostr\u00f3 emocionada de estar presente para estas dos funciones en Torre\u00f3n. La producci\u00f3n y el elenco se realiz\u00f3 exclusivamente para esta ciudad.<\/p>\n\n\n\n<p>Por su parte, el director de la Camerata de Coahuila Ram\u00f3n Shade, comparti\u00f3 que El Corsario es un ballet que tiene m\u00fasica de varios autores, no s\u00f3lo del siglo XIX, y que se busc\u00f3 c\u00f3mo mezclar m\u00fasica del siglo XIX y del siglo XX. Coment\u00f3 que dirigir un ballet, sinfon\u00eda y \u00f3pera es algo muy diferente y se mostr\u00f3 entusiasta de que la orquesta participe en estas dos funciones.<\/p>\n\n\n\n<p><strong>Sobre la obra<\/strong><\/p>\n\n\n\n<p>El Corsario (Le Corsaire) es un ballet que originalmente se estren\u00f3 en la \u00d3pera de Par\u00eds en 1856, inspirado en el poema de Lord Byron. En esta versi\u00f3n del Ballet de Monterrey con coreograf\u00eda del director art\u00edstico Thiago Soares, trae una nueva mirada a esta obra, conservando su esencia de virtuosismo y belleza en su estilo tradicional.&nbsp;&nbsp;<\/p>\n\n\n\n<p>En el primero de los actos; La tormenta, el mercado y el fondeadero: relata la historia de Birbanto y Al\u00ed, quienes naufragan durante una tempestad y quedan varados en una playa, cuando Medora, una joven esclava y su amiga Gulnara encuentran a los n\u00e1ufragos y el corsario Conrad se enamora inmediatamente de la belleza de Medora, pero aparece Lankedem, el mercader con su ej\u00e9rcito de soldados locales que secuestran a las mujeres para ser producto en el mercado.&nbsp;<\/p>\n\n\n\n<p>Luego de un conflicto de intereses y rudas peleas por haber alejado a las mujeres de los corsarios, para el segundo acto Birbanto y Al\u00ed se encomiendan la tarea de salvar a Medora y a las dem\u00e1s mujeres de la posesi\u00f3n del Pash\u00e1, quien las adquiere en una subasta. Finalmente, El Gran Sult\u00e1n llega al palacio para castigar a Pash\u00e1 por sus a\u00f1os de maldad.<\/p>\n\n\n\n<figure class=\"wp-block-image size-full is-resized\"><img fetchpriority=\"high\" decoding=\"async\" src=\"https:\/\/lavereda.com.mx\/wp-content\/uploads\/2023\/04\/PHOTO-2023-04-13-12-39-31.jpg\" alt=\"\" class=\"wp-image-5061\" width=\"587\" height=\"587\" srcset=\"https:\/\/lavereda.com.mx\/wp-content\/uploads\/2023\/04\/PHOTO-2023-04-13-12-39-31.jpg 1000w, https:\/\/lavereda.com.mx\/wp-content\/uploads\/2023\/04\/PHOTO-2023-04-13-12-39-31-300x300.jpg 300w, https:\/\/lavereda.com.mx\/wp-content\/uploads\/2023\/04\/PHOTO-2023-04-13-12-39-31-150x150.jpg 150w, https:\/\/lavereda.com.mx\/wp-content\/uploads\/2023\/04\/PHOTO-2023-04-13-12-39-31-768x768.jpg 768w\" sizes=\"(max-width: 587px) 100vw, 587px\" \/><\/figure>\n","protected":false},"excerpt":{"rendered":"<p>Se ofrecer\u00e1n dos funciones con la participaci\u00f3n de Camerata de Coahuila, a beneficio de asociaciones que apoyan a ni\u00f1as y ni\u00f1os de sectores vulnerables. \u2018El Corsario\u2019, interpretado por el Ballet &hellip; <a href=\"https:\/\/lavereda.com.mx\/index.php\/2023\/04\/27\/llega-torreon-el-corsario-con-el-ballet-de-monterrey\/\" class=\"more-link\">Leer m\u00e1s<\/a><\/p>\n","protected":false},"author":9,"featured_media":5062,"comment_status":"open","ping_status":"open","sticky":false,"template":"","format":"standard","meta":{"footnotes":""},"categories":[2,18],"tags":[],"class_list":["post-5060","post","type-post","status-publish","format-standard","has-post-thumbnail","hentry","category-artes-escenicas","category-lomasrelevante","entry"],"_links":{"self":[{"href":"https:\/\/lavereda.com.mx\/index.php\/wp-json\/wp\/v2\/posts\/5060","targetHints":{"allow":["GET"]}}],"collection":[{"href":"https:\/\/lavereda.com.mx\/index.php\/wp-json\/wp\/v2\/posts"}],"about":[{"href":"https:\/\/lavereda.com.mx\/index.php\/wp-json\/wp\/v2\/types\/post"}],"author":[{"embeddable":true,"href":"https:\/\/lavereda.com.mx\/index.php\/wp-json\/wp\/v2\/users\/9"}],"replies":[{"embeddable":true,"href":"https:\/\/lavereda.com.mx\/index.php\/wp-json\/wp\/v2\/comments?post=5060"}],"version-history":[{"count":2,"href":"https:\/\/lavereda.com.mx\/index.php\/wp-json\/wp\/v2\/posts\/5060\/revisions"}],"predecessor-version":[{"id":5064,"href":"https:\/\/lavereda.com.mx\/index.php\/wp-json\/wp\/v2\/posts\/5060\/revisions\/5064"}],"wp:featuredmedia":[{"embeddable":true,"href":"https:\/\/lavereda.com.mx\/index.php\/wp-json\/wp\/v2\/media\/5062"}],"wp:attachment":[{"href":"https:\/\/lavereda.com.mx\/index.php\/wp-json\/wp\/v2\/media?parent=5060"}],"wp:term":[{"taxonomy":"category","embeddable":true,"href":"https:\/\/lavereda.com.mx\/index.php\/wp-json\/wp\/v2\/categories?post=5060"},{"taxonomy":"post_tag","embeddable":true,"href":"https:\/\/lavereda.com.mx\/index.php\/wp-json\/wp\/v2\/tags?post=5060"}],"curies":[{"name":"wp","href":"https:\/\/api.w.org\/{rel}","templated":true}]}}