{"id":506,"date":"2020-08-26T17:02:11","date_gmt":"2020-08-26T17:02:11","guid":{"rendered":"http:\/\/lavereda.com.mx\/?p=506"},"modified":"2020-08-26T17:02:13","modified_gmt":"2020-08-26T17:02:13","slug":"rinden-homenaje-postumo-al-artista-david-jimenez","status":"publish","type":"post","link":"https:\/\/lavereda.com.mx\/index.php\/2020\/08\/26\/rinden-homenaje-postumo-al-artista-david-jimenez\/","title":{"rendered":"Rinden homenaje p\u00f3stumo al artista David Jim\u00e9nez"},"content":{"rendered":"\n<p>El jueves 27 de agosto  la Universidad Aut\u00f3noma de Coahuila, Coordinaci\u00f3n Unidad Torre\u00f3n inaugurar\u00e1 \u201cen l\u00ednea\u201d, la exposici\u00f3n que montar\u00e1 a manera de homenaje p\u00f3stumo, al maestro David Jim\u00e9nez Valdez.<\/p>\n\n\n\n<p>La ceremonia, que encabezar\u00e1 la coordinadora Sandra L\u00f3pez Chavarr\u00eda, ser\u00e1 a las 12:00 horas en el vest\u00edbulo del Departamento de Difusi\u00f3n Cultural (DDC), actividad a la que asistir\u00e1n representantes de la familia del reci\u00e9n fallecido artista torreonense.<\/p>\n\n\n\n<p>La expo se integra por obras de quien fuera maestro del Taller de Dibujo art\u00edstico del Difusi\u00f3n Cultural, en las que dej\u00f3 plasmada su t\u00e9cnica en los trazos y la particularidad de los tonos por los que siempre se decant\u00f3. Y participar\u00e1n alumnas y alumnos del mismo grupo, quienes as\u00ed rinden un c\u00e1lido reconocimiento a su mentor.<\/p>\n\n\n\n<p>La exposici\u00f3n se subir\u00e1 a las redes de la Universidad Aut\u00f3noma de Coahuila, y estar\u00e1 en l\u00ednea durante dos semanas.<\/p>\n","protected":false},"excerpt":{"rendered":"<p>El jueves 27 de agosto  la Universidad Aut\u00f3noma de Coahuila, Coordinaci\u00f3n Unidad Torre\u00f3n inaugurar\u00e1 \u201cen l\u00ednea\u201d, la exposici\u00f3n que montar\u00e1 a manera de homenaje p\u00f3stumo, al maestro David Jim\u00e9nez Valdez.<\/p>\n","protected":false},"author":1,"featured_media":507,"comment_status":"open","ping_status":"open","sticky":false,"template":"","format":"standard","meta":{"footnotes":""},"categories":[3,18],"tags":[],"class_list":["post-506","post","type-post","status-publish","format-standard","has-post-thumbnail","hentry","category-artes-visuales","category-lomasrelevante","entry"],"_links":{"self":[{"href":"https:\/\/lavereda.com.mx\/index.php\/wp-json\/wp\/v2\/posts\/506","targetHints":{"allow":["GET"]}}],"collection":[{"href":"https:\/\/lavereda.com.mx\/index.php\/wp-json\/wp\/v2\/posts"}],"about":[{"href":"https:\/\/lavereda.com.mx\/index.php\/wp-json\/wp\/v2\/types\/post"}],"author":[{"embeddable":true,"href":"https:\/\/lavereda.com.mx\/index.php\/wp-json\/wp\/v2\/users\/1"}],"replies":[{"embeddable":true,"href":"https:\/\/lavereda.com.mx\/index.php\/wp-json\/wp\/v2\/comments?post=506"}],"version-history":[{"count":1,"href":"https:\/\/lavereda.com.mx\/index.php\/wp-json\/wp\/v2\/posts\/506\/revisions"}],"predecessor-version":[{"id":508,"href":"https:\/\/lavereda.com.mx\/index.php\/wp-json\/wp\/v2\/posts\/506\/revisions\/508"}],"wp:featuredmedia":[{"embeddable":true,"href":"https:\/\/lavereda.com.mx\/index.php\/wp-json\/wp\/v2\/media\/507"}],"wp:attachment":[{"href":"https:\/\/lavereda.com.mx\/index.php\/wp-json\/wp\/v2\/media?parent=506"}],"wp:term":[{"taxonomy":"category","embeddable":true,"href":"https:\/\/lavereda.com.mx\/index.php\/wp-json\/wp\/v2\/categories?post=506"},{"taxonomy":"post_tag","embeddable":true,"href":"https:\/\/lavereda.com.mx\/index.php\/wp-json\/wp\/v2\/tags?post=506"}],"curies":[{"name":"wp","href":"https:\/\/api.w.org\/{rel}","templated":true}]}}