{"id":5056,"date":"2023-04-27T02:33:21","date_gmt":"2023-04-27T02:33:21","guid":{"rendered":"http:\/\/lavereda.com.mx\/?p=5056"},"modified":"2023-04-28T01:24:02","modified_gmt":"2023-04-28T01:24:02","slug":"la-estetica-foro-escenico-celebra-su-primer-aniversario","status":"publish","type":"post","link":"https:\/\/lavereda.com.mx\/index.php\/2023\/04\/27\/la-estetica-foro-escenico-celebra-su-primer-aniversario\/","title":{"rendered":"La Est\u00e9tica Foro Esc\u00e9nico celebra su primer aniversario"},"content":{"rendered":"\n<ul class=\"wp-block-list\"><li>Para celebrar su primer aniversario, La Est\u00e9tica Foro Esc\u00e9nico presentar\u00e1 el pr\u00f3ximo 29 de abril, la puesta en escena \u201cNeko, el gato viajero\u201d una obra de teatro para toda la familia, a las 19:00 horas.<\/li><\/ul>\n\n\n\n<p>La Comarca Lagunera es rica en cultura y el teatro local juega un rol fundamental en ella, la Est\u00e9tica es un foro esc\u00e9nico que est\u00e1 de fiesta, pues celebran su primer aniversario de enriquecer a La Laguna de obras y montajes teatrales para varias audiencias.<\/p>\n\n\n\n<p>Los espacios esc\u00e9nicos independientes son una realidad. Luchan, se sostienen y apuestan por tener una continua presencia en much\u00edsimas ciudades del pa\u00eds. En Torre\u00f3n, este es el caso de La Est\u00e9tica Foro Esc\u00e9nico, espacio art\u00edstico y cultural independiente que celebra su primer aniversario.<\/p>\n\n\n\n<p>A iniciativa de Tere Rodr\u00edguez y El\u00ed Montemayor, l\u00edderes de Dedos Cruzados Teatro Comunitario y de Amargo Teatro respectivamente, este espacio alternativo se ha posicionado como una opci\u00f3n para presentaci\u00f3n de diversos tipos de espect\u00e1culos: conciertos, obras de teatro, shows de stand up y exposiciones, funciona tambi\u00e9n como sala de ensayo o espacio creativo, llevan a cabo tambi\u00e9n, talleres de teatro para ni\u00f1os, j\u00f3venes y personas de la tercera edad. En un a\u00f1o de actividades, la est\u00e9tica foro esc\u00e9nico ha albergado a docenas de compa\u00f1\u00edas, colectivos, agrupaciones art\u00edsticas locales y nacionales, en este lugar, se han realizado alrededor de 100 eventos desde su inauguraci\u00f3n.<\/p>\n\n\n\n<p>Adem\u00e1s de las actividades ya mencionadas que se han realizado en la est\u00e9tica foro esc\u00e9nico, organizaron de manera independiente el primer encuentro de mon\u00f3logos, fue sede de la 42 Muestra Nacional De Teatro, en la que se presentaron funciones de las obras \u201cSabueso\u201d, \u201cEl bodeg\u00f3n de las cebollas\u201d, \u201cTsunami\u201d y se desarrollaron conversatorios para la comunidad art\u00edstica asistente; ha albergado programas como el circuito nacional de las artes esc\u00e9nicas del Centro Cultural Hel\u00e9nico y es un espacio continuamente solicitado por creadores esc\u00e9nicos locales para el desarrollo de proyectos que han inscrito en convocatorias, como el PECDA Coahuila, en las actividades m\u00e1s recientes y atendiendo a las necesidades sociales actuales en cuanto a equidad de g\u00e9nero, se han afiliado al colectivo nacional de morras tramoyistas, organizaci\u00f3n con la panean la realizaci\u00f3n de talleres de capacitaci\u00f3n para mujeres interesadas en capacitaci\u00f3n laboral como t\u00e9cnicas teatrales.<\/p>\n\n\n\n<p>Cumpliendo con los objetivos de contribuir al desarrollo sociocultural y art\u00edstico de la regi\u00f3n, este espacio genera proyectos art\u00edsticos y culturales para realizar a futuro, tanto con iniciativa propias, como en conjunto con diversos creadores, es una organizaci\u00f3n adscrita al programa j\u00f3venes construyendo el futuro y otorga oportunidades laborales, en la actualidad, cuenta con una planta t\u00e9cnica de 7 colaboradores entre t\u00e9cnicos, administrativos y personal operativo.<\/p>\n\n\n\n<p>Para celebrar su primer aniversario, La Est\u00e9tica Foro Esc\u00e9nico presentar\u00e1 el pr\u00f3ximo 29 de abril, la puesta en escena \u201cNeko, el gato viajero\u201d una obra de teatro para toda la familia, del dramaturgo Enrique Olmos De Ita, con la compa\u00f1\u00eda amargo teatro, a las 7:00 de la tarde, con admisi\u00f3n por cooperaci\u00f3n voluntaria consciente. Para la reservaci\u00f3n de localidades, los interesados en asistir, pueden comunicarse por medio de las redes sociales del foro, que se encuentra ubicado en Av. Presidente Carranza No. 1965 Ote. Zona Centro, Torre\u00f3n, Coahuila.<\/p>\n\n\n<a class=\"wp-block-read-more\" href=\"https:\/\/lavereda.com.mx\/index.php\/2023\/04\/27\/la-estetica-foro-escenico-celebra-su-primer-aniversario\/\" target=\"_self\">Facebook: https:\/\/www.facebook.com\/Foroescenico<span class=\"screen-reader-text\">: La Est\u00e9tica Foro Esc\u00e9nico celebra su primer aniversario<\/span><\/a>\n\n\n<p><strong>Contacto:<\/strong> Tere Simental 871 185 7607.<\/p>\n","protected":false},"excerpt":{"rendered":"<p>Para celebrar su primer aniversario, La Est\u00e9tica Foro Esc\u00e9nico presentar\u00e1 el pr\u00f3ximo 29 de abril, la puesta en escena \u201cNeko, el gato viajero\u201d una obra de teatro para toda la &hellip; <a href=\"https:\/\/lavereda.com.mx\/index.php\/2023\/04\/27\/la-estetica-foro-escenico-celebra-su-primer-aniversario\/\" class=\"more-link\">Leer m\u00e1s<\/a><\/p>\n","protected":false},"author":17,"featured_media":5057,"comment_status":"open","ping_status":"open","sticky":false,"template":"","format":"standard","meta":{"footnotes":""},"categories":[2,18],"tags":[],"class_list":["post-5056","post","type-post","status-publish","format-standard","has-post-thumbnail","hentry","category-artes-escenicas","category-lomasrelevante","entry"],"_links":{"self":[{"href":"https:\/\/lavereda.com.mx\/index.php\/wp-json\/wp\/v2\/posts\/5056","targetHints":{"allow":["GET"]}}],"collection":[{"href":"https:\/\/lavereda.com.mx\/index.php\/wp-json\/wp\/v2\/posts"}],"about":[{"href":"https:\/\/lavereda.com.mx\/index.php\/wp-json\/wp\/v2\/types\/post"}],"author":[{"embeddable":true,"href":"https:\/\/lavereda.com.mx\/index.php\/wp-json\/wp\/v2\/users\/17"}],"replies":[{"embeddable":true,"href":"https:\/\/lavereda.com.mx\/index.php\/wp-json\/wp\/v2\/comments?post=5056"}],"version-history":[{"count":3,"href":"https:\/\/lavereda.com.mx\/index.php\/wp-json\/wp\/v2\/posts\/5056\/revisions"}],"predecessor-version":[{"id":5066,"href":"https:\/\/lavereda.com.mx\/index.php\/wp-json\/wp\/v2\/posts\/5056\/revisions\/5066"}],"wp:featuredmedia":[{"embeddable":true,"href":"https:\/\/lavereda.com.mx\/index.php\/wp-json\/wp\/v2\/media\/5057"}],"wp:attachment":[{"href":"https:\/\/lavereda.com.mx\/index.php\/wp-json\/wp\/v2\/media?parent=5056"}],"wp:term":[{"taxonomy":"category","embeddable":true,"href":"https:\/\/lavereda.com.mx\/index.php\/wp-json\/wp\/v2\/categories?post=5056"},{"taxonomy":"post_tag","embeddable":true,"href":"https:\/\/lavereda.com.mx\/index.php\/wp-json\/wp\/v2\/tags?post=5056"}],"curies":[{"name":"wp","href":"https:\/\/api.w.org\/{rel}","templated":true}]}}